{"id":3031,"date":"2020-10-03T08:13:40","date_gmt":"2020-10-03T06:13:40","guid":{"rendered":"https:\/\/encircular.es\/economia-circular-y-ods-propuestas-alineadas-y-complementarias\/"},"modified":"2021-02-02T00:30:19","modified_gmt":"2021-02-01T23:30:19","slug":"economia-circular-y-ods-propuestas-alineadas-y-complementarias","status":"publish","type":"post","link":"https:\/\/encircular.es\/ca\/economia-circular-y-ods-propuestas-alineadas-y-complementarias\/","title":{"rendered":"Economia circular i ODS: Propostes alineades i complement\u00e0ries"},"content":{"rendered":"<p>Aconseguir la prosperitat econ\u00f2mica i social dins dels l\u00edmits naturals del nostre planeta, garantint un desenvolupament sostenible, \u00e9s la fi global al qual aspiren tant els\u00a0ODS\u00a0de l&#8217;Agenda 2030 com l&#8217;Economia Circular. Totes dues propostes, de fet, estan alineades i es complementen i han d&#8217;abordar-se de manera conjunta per a garantir els resultats \u00f2ptims per al planeta i les persones que en ell habiten.<\/p>\n<p>De fet, la implantaci\u00f3 d&#8217;una economia en circular \u00e9s una de les l\u00ednies estrat\u00e8giques clau per a aconseguir els Objectius de Desenvolupament Sostenible (ODS)\u00a0-aprovats per les Nacions Unides el 25 de setembre de 2015-, que defineix un full de ruta, una estrat\u00e8gia i uns objectius compartits de manera universal per a abordar els grans reptes globals de la humanitat i avan\u00e7ar cap a una economia m\u00e9s responsable i inclusiva. No es diu nom\u00e9s el que s&#8217;ha de fer, sin\u00f3, tamb\u00e9, com fer-ho.<\/p>\n<p>I en aqueix \u2018com fer-ho\u2019 \u00e9s on els principis i les pr\u00e0ctiques englobats en un model d&#8217;economia en circular es converteixen en eina imprescindible. Els grans pactes i compromisos multilaterals -com l&#8217;Acord de Par\u00eds, que planteja objectius concrets per a mitigar el canvi clim\u00e0tic- s&#8217;han demostrat inefica\u00e7os si no s&#8217;aborda un canvi real de model, amb implicaci\u00f3 real de tots els agents -p\u00fablics, privats i ciutadania-.<\/p>\n<p>Al seu torn, els avan\u00e7os en la implementaci\u00f3 dels\u00a0ODS\u00a0contribuiran a consolidar aqueix nou paradigma econ\u00f2mic en circular i abandonar, definitivament, l&#8217;insostenible sistema lineal -extraure recursos, produir, usar i tirar-, que ha generat impactes negatius sobre el medi ambient, la redistribuci\u00f3 de recursos i riquesa i el benestar de les persones.<\/p>\n<p>L&#8217;estudi \u2018La rellev\u00e0ncia de les pr\u00e0ctiques d&#8217;economia circular per als Objectius de Desenvolupament Sostenible\u2019, dirigit per Patrick\u00a0Schroeder\u00a0i publicat en 2018 pel\u00a0Journal\u00a0of\u00a0Industrial\u00a0Ecology\u00a0(Universitat de\u00a0Yale), conclou que quasi tots els\u00a0ODS\u00a0contemplen metes que estan vinculades, directament o indirectament, amb l&#8217;economia en circular. De fet, destaca que nom\u00e9s 35 de les 169 metes definides en l&#8217;Agenda 2030 \u201cno tenen cap relaci\u00f3\u201d amb la mateixa o \u201cla seua relaci\u00f3 \u00e9s feble\u201d.<\/p>\n<p>El nou model reparador, regeneratiu i m\u00e9s sostenible que suposa una economia en circular enlla\u00e7a de manera directa amb el\u00a0ODS\u00a012, centrat en produir i consumir de forma m\u00e9s responsable, amb metes directament dirigides a un \u00fas m\u00e9s eficient dels recursos naturals i l&#8217;energia, la reducci\u00f3 de residus i el seu tractament i reciclatge. Per\u00f2 no \u00e9s l&#8217;\u00fanic\u00a0ODS\u00a0vinculat directament a un model econ\u00f2mic en circular. Tamb\u00e9 el\u00a0ODS\u00a06 (aigua neta i sanejament), el\u00a0ODS\u00a07 (energia assequible i no contaminant), el\u00a0ODS\u00a08 (treball decent i creixement econ\u00f2mic), el\u00a0ODS\u00a09 (ind\u00fastria, innovaci\u00f3 i infraestructura), el\u00a0ODS\u00a011 (ciutats i comunitats sostenibles), el\u00a0ODS\u00a013 (acci\u00f3 pel clima), el\u00a0ODS\u00a014 (vida submarina) i el\u00a0ODS\u00a015 (vida dels ecosistemes terrestres) es veuran beneficiats pel canvi de sistema.<\/p>\n<p>Indirectament, i donada la visi\u00f3 transversal amb qu\u00e8 s&#8217;han definit els\u00a0ODS, els avan\u00e7os en aquests objectius impactaran, al seu torn, de manera positiva en els progressos en els\u00a0ODS\u00a01 (fi de la pobresa),\u00a0ODS\u00a02 (fam zero) i\u00a0ODS\u00a03 (salut i benestar de totes les persones).<\/p>\n<p>Al seu torn, segons l&#8217;estudi dirigit per\u00a0Schroeder, \u201csi es progressa en la consecuci\u00f3 de les diferents metes dels\u00a0ODS, fins a altres quatre objectius m\u00e9s contribuirien a l&#8217;economia circular:\u00a0ODS\u00a04 (educaci\u00f3 de qualitat);\u00a0ODS\u00a010 (reducci\u00f3 de les desigualtats);\u00a0ODS\u00a016 (pau, just\u00edcia i institucions s\u00f2lides), i el\u00a0ODS\u00a017 (aliances per a aconseguir els objectius)\u201d. En les seues conclusions, subratlla que, per a avan\u00e7ar en la implantaci\u00f3 de les pr\u00e0ctiques i models de negoci basats en l&#8217;economia circular, \u201c\u00e9s crucial establir sinergies amb el\u00a0ODS\u00a04, per a construir les habilitats i capacitats necess\u00e0ries per a implantar-los, escalar-los i replicar-los\u201d, aix\u00ed com el paper del context i les aliances que persegueixen els\u00a0ODS\u00a016 i 17.<\/p>\n<p>Nom\u00e9s des d&#8217;una implicaci\u00f3 activa i l&#8217;esfor\u00e7 conjunt de governs, empreses i ciutadania ser\u00e0 possible l&#8217;\u00e8xit en aqueixa transici\u00f3 cap a models sostenibles econ\u00f2mica, social i mediambientalment, integradors i generadors de benestar per tots.<img loading=\"lazy\" decoding=\"async\" class=\"alignnone wp-image-1658 size-full\" src=\"https:\/\/encircular.es\/wp-content\/uploads\/2020\/11\/grafico.jpg\" alt=\"\" width=\"800\" height=\"400\" srcset=\"https:\/\/encircular.es\/wp-content\/uploads\/2020\/11\/grafico.jpg 800w, https:\/\/encircular.es\/wp-content\/uploads\/2020\/11\/grafico-300x150.jpg 300w, https:\/\/encircular.es\/wp-content\/uploads\/2020\/11\/grafico-768x384.jpg 768w\" sizes=\"auto, (max-width: 800px) 100vw, 800px\" \/><\/p>\n<p><em>Estudie \u2018La rellev\u00e0ncia de les pr\u00e0ctiques d&#8217;economia circular per als Objectius de Desenvolupament Sostenible\u2019, p\u00e0g. 12. Patrick Schroeder et al. Journal of Industrial Ecology (Yale University). 2018<\/em><\/p>\n<div class=\"traductor-checkbox form-group\">\n<div class=\"row\">\n<div class=\"col-sm-offset-2 col-sm-5\"><\/div>\n<\/div>\n<\/div>\n","protected":false},"excerpt":{"rendered":"<p>Aconseguir la prosperitat econ\u00f2mica i social dins dels l\u00edmits naturals del nostre planeta, garantint un desenvolupament sostenible, \u00e9s la fi global al qual aspiren tant els\u00a0ODS\u00a0de l&#8217;Agenda 2030 com l&#8217;Economia Circular. Totes dues propostes, de fet, estan alineades i es complementen i han d&#8217;abordar-se de manera conjunta per a garantir els resultats \u00f2ptims per al [&hellip;]<\/p>\n","protected":false},"author":3,"featured_media":1123,"comment_status":"open","ping_status":"open","sticky":false,"template":"","format":"standard","meta":{"footnotes":""},"categories":[90],"tags":[],"class_list":["post-3031","post","type-post","status-publish","format-standard","has-post-thumbnail","hentry","category-inspiracio-blogcom-ca"],"_links":{"self":[{"href":"https:\/\/encircular.es\/ca\/wp-json\/wp\/v2\/posts\/3031\/"}],"collection":[{"href":"https:\/\/encircular.es\/ca\/wp-json\/wp\/v2\/posts\/"}],"about":[{"href":"https:\/\/encircular.es\/ca\/wp-json\/wp\/v2\/types\/post\/"}],"author":[{"embeddable":true,"href":"https:\/\/encircular.es\/ca\/wp-json\/wp\/v2\/users\/3\/"}],"replies":[{"embeddable":true,"href":"https:\/\/encircular.es\/ca\/wp-json\/wp\/v2\/comments\/?post=3031"}],"version-history":[{"count":4,"href":"https:\/\/encircular.es\/ca\/wp-json\/wp\/v2\/posts\/3031\/revisions\/"}],"predecessor-version":[{"id":3924,"href":"https:\/\/encircular.es\/ca\/wp-json\/wp\/v2\/posts\/3031\/revisions\/3924\/"}],"wp:featuredmedia":[{"embeddable":true,"href":"https:\/\/encircular.es\/ca\/wp-json\/wp\/v2\/media\/1123\/"}],"wp:attachment":[{"href":"https:\/\/encircular.es\/ca\/wp-json\/wp\/v2\/media\/?parent=3031"}],"wp:term":[{"taxonomy":"category","embeddable":true,"href":"https:\/\/encircular.es\/ca\/wp-json\/wp\/v2\/categories\/?post=3031"},{"taxonomy":"post_tag","embeddable":true,"href":"https:\/\/encircular.es\/ca\/wp-json\/wp\/v2\/tags\/?post=3031"}],"curies":[{"name":"wp","href":"https:\/\/api.w.org\/{rel}","templated":true}]}}