{"id":3034,"date":"2020-10-01T08:24:53","date_gmt":"2020-10-01T06:24:53","guid":{"rendered":"https:\/\/encircular.es\/la-estrategia-espanola-de-economia-circular-construyendo-un-sistema-mas-sostenible-y-competitivo\/"},"modified":"2021-02-02T00:33:26","modified_gmt":"2021-02-01T23:33:26","slug":"la-estrategia-espanola-de-economia-circular-construyendo-un-sistema-mas-sostenible-y-competitivo","status":"publish","type":"post","link":"https:\/\/encircular.es\/ca\/la-estrategia-espanola-de-economia-circular-construyendo-un-sistema-mas-sostenible-y-competitivo\/","title":{"rendered":"L&#8217;Estrat\u00e8gia Espanyola d&#8217;Economia Circular: Construint un sistema m\u00e9s sostenible i competitiu"},"content":{"rendered":"<p>Espanya \u00e9s un dels pa\u00efsos europeus amb major d\u00e8ficit en la relaci\u00f3 entre producci\u00f3 i utilitzaci\u00f3 de recursos naturals: el seu consum anual supera ja en 2,5 vegades la capacitat de regeneraci\u00f3 en el seu territori -enfront del 1,7 de mitjana global-. Aix\u00f2 suposa una gran depend\u00e8ncia de mercats exteriors i una p\u00e8rdua en termes d&#8217;efici\u00e8ncia i competitivitat. Una depend\u00e8ncia que ha quedat en evid\u00e8ncia durant la crisi sanit\u00e0ria i econ\u00f2mica provocada per la irrupci\u00f3 del coronavirus Covid-19.<\/p>\n<p>Aquesta realitat contrasta amb les condicions -geogr\u00e0fiques, clim\u00e0tiques, de coneixement i desenvolupament tecnol\u00f2gic i conscienciaci\u00f3 i comprom\u00eds de sector p\u00fablic, privat i ciutadania- que situen al nostre pa\u00eds com un dels millor preparats i amb millors condicions per a abordar la transici\u00f3 des de l&#8217;actual model lineal de producci\u00f3 i consum -extraure, produir, usar i tirar- cap a un model en circular -que busca la m\u00e0xima efici\u00e8ncia en l&#8217;\u00fas i consum de materials i productes, incrementant la sostenibilitat i competitivitat de les empreses i l&#8217;economia en general-. (Veure \u2018Espanya en el mapa europeu de l&#8217;economia circular\u2019).<\/p>\n<p>En aquest context, la \u2018Estrat\u00e8gia Espanyola d&#8217;Economia Circular. Espanya Circular 2030\u2019 s&#8217;alinea amb els objectius dels dos plans d&#8217;acci\u00f3 d&#8217;economia circular de la Uni\u00f3 Europea -de 2015 i 2020-, el Pacte Verd Europeu i l&#8217;Agenda 2030. En concret, l&#8217;objectiu del Govern \u00e9s \u201cestablir les bases per a per a superar l&#8217;economia lineal i impulsar un nou model de producci\u00f3 i consum en el qual el valor de productes, materials i recursos es mantinguen en l&#8217;economia durant el major temps possible, en la qual es redu\u00efsquen al m\u00ednim la generaci\u00f3 de residus i s&#8217;aprofiten amb el major abast possible els que no es poden evitar. Aquesta estrat\u00e8gia contribueix, aix\u00ed, als esfor\u00e7os d&#8217;Espanya per aconseguir una economia sostenible,\u00a0descarbonizada, eficient en l&#8217;\u00fas dels recursos i competitiva\u201d, objectius que cobren especial rellev\u00e0ncia en l&#8217;actual context de crisi econ\u00f2mica per l&#8217;impacte de la pand\u00e8mia.<\/p>\n<p>En la\u00a0EEEC\u00a0es fa un crit d&#8217;atenci\u00f3 a concentrar esfor\u00e7os en l&#8217;inici de la cadena productiva, \u201cen la fase de disseny per a aconseguir la durabilitat del producte combatent l&#8217;obsolesc\u00e8ncia programada i impulsant la\u00a0servitizaci\u00f3n, la seua reutilitzaci\u00f3, reforma, reciclatge i reprocessament dels components. D&#8217;aquesta manera, la fase de final de cicle anir\u00e0 requerint menys esfor\u00e7os de gesti\u00f3 conforme l&#8217;economia es vaja &#8216;circularitzant&#8217;\u201d.<\/p>\n<p>En aquesta l\u00ednia, els principis generals que inspiren la\u00a0EEEC\u00a0s\u00f3n \u201cprotecci\u00f3 i millora del medi ambient; acci\u00f3 preventiva; descarbonitzaci\u00f3 de l&#8217;economia; el principi de \u2018qui contamina paga\u2019; protecci\u00f3 de la salut; racionalitzaci\u00f3 i efici\u00e8ncia; cooperaci\u00f3 i coordinaci\u00f3 entre les Administracions P\u00fabliques; participaci\u00f3 p\u00fablica; desenvolupament sostenible, solidaritat entre persones i territoris; integraci\u00f3 dels aspectes ambientals en la presa de decisions; millora de la competitivitat de l&#8217;economia, i generaci\u00f3 d&#8217;ocupaci\u00f3 de qualitat\u201d.<\/p>\n<p>Dels eixos d&#8217;actuaci\u00f3 sobre els quals se centraran les pol\u00edtiques i instruments de l&#8217;Estrat\u00e8gia d&#8217;Economia Circular i els seus corresponents plans d&#8217;actuaci\u00f3, destaquem el primer d&#8217;ells, vinculat a la producci\u00f3, perqu\u00e8 tal com es recull en el document oficial: \u201cDes de la concepci\u00f3 dels productes, el seu disseny, fins a la seua fabricaci\u00f3, es pot facilitar que siguen m\u00e9s f\u00e0cilment reparables, amb major vida \u00fatil, actualitzables, i que, quan aquests arriben al final de la seua vida \u00fatil, generen menys residus o, en el seu cas, siguen f\u00e0cilment reciclables\u201d.<\/p>\n<p>A m\u00e9s, s&#8217;enumeren altres eixos prioritaris, com el canvi a un model de consum m\u00e9s responsable, que incloga l&#8217;acc\u00e9s a serveis; la gesti\u00f3 de residus; l&#8217;\u00fas de les mat\u00e8ries primeres secund\u00e0ries, i la reutilitzaci\u00f3 i depuraci\u00f3 de l&#8217;aigua.<\/p>\n<p>Entre els objectius quantitatius a aconseguir en 2030, el Ministeri per a la Transici\u00f3 Ecol\u00f2gica i el Repte Demogr\u00e0fic destaca:<\/p>\n<ul>\n<li>\n<p align=\"JUSTIFY\">Reduir en un 30% el consum nacional de materials en relaci\u00f3 amb el PIB, prenent com a any de refer\u00e8ncia el 2010.<\/p>\n<\/li>\n<li>\n<p align=\"JUSTIFY\">Disminuir la generaci\u00f3 de residus un 15% respecte del generat en 2010.<\/p>\n<\/li>\n<li>\n<p align=\"JUSTIFY\">En el cas dels residus d&#8217;aliments, retallar-los en tota cadena aliment\u00e0ria: 50% de reducci\u00f3 per c\u00e0pita a nivell de llar i consum minorista i un 20% en les cadenes de producci\u00f3 i subministrament a partir de l&#8217;any 2020.<\/p>\n<\/li>\n<li>\n<p align=\"JUSTIFY\">Incrementar la reutilitzaci\u00f3 i preparaci\u00f3 per a la reutilitzaci\u00f3 fins a arribar al 10% dels residus municipals generats.<\/p>\n<\/li>\n<li>\n<p align=\"JUSTIFY\">Millorar un 10% l&#8217;efici\u00e8ncia en l&#8217;\u00fas de l&#8217;aigua.<\/p>\n<\/li>\n<li>\n<p align=\"JUSTIFY\">Baixar l&#8217;emissi\u00f3 anual de gasos d&#8217;efecte d&#8217;hivernacle per davall dels 10 milions de tones de CO2 equivalent.<\/p>\n<\/li>\n<\/ul>\n<p>La\u00a0EEEC\u00a0planteja una visi\u00f3 a llarg termini i s&#8217;anir\u00e0 concretant en successius plans d&#8217;acci\u00f3 triennals, que recolliran pol\u00edtiques i mesures concretes. L&#8217;aprovaci\u00f3 del primer est\u00e0 prevista per a finals de 2020 i abastar\u00e0 el per\u00edode 2021-2023. Aquests plans permetran anar avaluant i adaptant les pol\u00edtiques, mesures i eines concretes a aplicar per a aconseguir els objectius perseguits. Els indicadors seran els definits per les autoritats europees, de manera que puga comparar-se la situaci\u00f3 i evoluci\u00f3 entre pa\u00efsos.<\/p>\n<p>Encara que es tracta d&#8217;una estrat\u00e8gia amb visi\u00f3 transversal, s&#8217;identifiquen sis sectors prioritaris en els quals incorporar aquest repte per a una Espanya circular, pels seus impactes en termes mediambientals -per extracci\u00f3 de mat\u00e8ries primeres o efectes contaminants-: construcci\u00f3, agroalimentari, pesquer i forestal, industrial, b\u00e9ns de consum, turisme i t\u00e8xtil i confecci\u00f3.<\/p>\n<p><strong>Enfocament multidisciplinari i inclusiu<\/strong><\/p>\n<p>L&#8217;aprovaci\u00f3 de l&#8217;Estrat\u00e8gia Espanyola d&#8217;Economia Circular ha arribat cinc anys despr\u00e9s de l&#8217;estrat\u00e8gia europea \u2018Tancar el cercle: un pla d&#8217;acci\u00f3 de la UE per a l&#8217;economia circular\u2019, i despr\u00e9s de m\u00e9s de dos anys de tramitaci\u00f3 -el primer esborrany es va presentar al febrer de 2018-.<\/p>\n<p>El Govern destaca que l&#8217;adopci\u00f3 de la\u00a0EEEC\u00a0\u201cestava prevista en la Declaraci\u00f3 d&#8217;Emerg\u00e8ncia Clim\u00e0tica i ambiental aprovada al gener de 2020, que la inclou entre les l\u00ednies priorit\u00e0ries d&#8217;actuaci\u00f3, i \u00e9s coherent amb el projecte de Llei de Canvi Clim\u00e0tic i Transici\u00f3 Energ\u00e8tica, que fixa un objectiu d&#8217;aconseguir la neutralitat clim\u00e0tica a tot tardar en 2050\u201d.<\/p>\n<p>El Ministeri de Transici\u00f3 Ecol\u00f2gica destaca que \u201cl&#8217;enfocament multidisciplinari i inclusiu de l&#8217;Estrat\u00e8gia requereix incorporar la perspectiva de les diferents Administracions i unitats perqu\u00e8 mantinga una visi\u00f3 completa i transversal en les pol\u00edtiques sectorials implicades, aix\u00ed com dels agents socials i econ\u00f2mics D&#8217;aquesta manera, la\u00a0EEEC\u00a0planteja un model organitzatiu conformat per diversos comit\u00e9s: una Comissi\u00f3 Interministerial d&#8217;Economia Circular, amb representants dels ministeris afectats, a la qual li correspondr\u00e0 avaluar i fer les propostes sobre les pol\u00edtiques i mesures a incorporar en les pol\u00edtiques sectorials, aix\u00ed com realitzar el seguiment i avaluaci\u00f3 dels successius plans d&#8217;acci\u00f3 en mat\u00e8ria d&#8217;economia circular, i en definitiva de l&#8217;Estrat\u00e8gia; un grup de treball en el si de la Comissi\u00f3 de coordinaci\u00f3 en mat\u00e8ria de residus, amb representants auton\u00f2mics i locals, com a administracions amb potestat per a completar la legislaci\u00f3 b\u00e0sica i executar tals mesures, i un Consell d&#8217;Economia Circular, com a espai de col\u00b7laboraci\u00f3 p\u00fablic-privada amb tots els agents econ\u00f2mics i socials i altres sectors implicats en el canvi de model\u201d.<\/p>\n<p>En aquest sentit, afirma que \u201cla consecuci\u00f3 del repte d&#8217;aconseguir la transici\u00f3 cap a l&#8217;economia circular requereix de la col\u00b7laboraci\u00f3, participaci\u00f3 i implicaci\u00f3 de tota la societat, no sols de les Administracions P\u00fabliques, sin\u00f3 tamb\u00e9 de tots els sectors econ\u00f2mics -fabricaci\u00f3, producci\u00f3, distribuci\u00f3 i gesti\u00f3 de residus-, que han d&#8217;incorporar la innovaci\u00f3 com a element clau per a la consecuci\u00f3 dels objectius proposats. A m\u00e9s, l&#8217;Estrat\u00e8gia preveu que juguen un paper central els agents socials i, molt especialment, els consumidors i ciutadans, les decisions de compra dels quals de productes, aix\u00ed com el seu comprom\u00eds amb la separaci\u00f3 de residus, s\u00f3n fonamentals\u201d.<\/p>\n","protected":false},"excerpt":{"rendered":"<p>Espanya \u00e9s un dels pa\u00efsos europeus amb major d\u00e8ficit en la relaci\u00f3 entre producci\u00f3 i utilitzaci\u00f3 de recursos naturals: el seu consum anual supera ja en 2,5 vegades la capacitat de regeneraci\u00f3 en el seu territori -enfront del 1,7 de mitjana global-. Aix\u00f2 suposa una gran depend\u00e8ncia de mercats exteriors i una p\u00e8rdua en termes [&hellip;]<\/p>\n","protected":false},"author":1,"featured_media":1416,"comment_status":"open","ping_status":"open","sticky":false,"template":"","format":"standard","meta":{"footnotes":""},"categories":[46],"tags":[],"class_list":["post-3034","post","type-post","status-publish","format-standard","has-post-thumbnail","hentry","category-sense-categoria"],"_links":{"self":[{"href":"https:\/\/encircular.es\/ca\/wp-json\/wp\/v2\/posts\/3034\/"}],"collection":[{"href":"https:\/\/encircular.es\/ca\/wp-json\/wp\/v2\/posts\/"}],"about":[{"href":"https:\/\/encircular.es\/ca\/wp-json\/wp\/v2\/types\/post\/"}],"author":[{"embeddable":true,"href":"https:\/\/encircular.es\/ca\/wp-json\/wp\/v2\/users\/1\/"}],"replies":[{"embeddable":true,"href":"https:\/\/encircular.es\/ca\/wp-json\/wp\/v2\/comments\/?post=3034"}],"version-history":[{"count":3,"href":"https:\/\/encircular.es\/ca\/wp-json\/wp\/v2\/posts\/3034\/revisions\/"}],"predecessor-version":[{"id":3925,"href":"https:\/\/encircular.es\/ca\/wp-json\/wp\/v2\/posts\/3034\/revisions\/3925\/"}],"wp:featuredmedia":[{"embeddable":true,"href":"https:\/\/encircular.es\/ca\/wp-json\/wp\/v2\/media\/1416\/"}],"wp:attachment":[{"href":"https:\/\/encircular.es\/ca\/wp-json\/wp\/v2\/media\/?parent=3034"}],"wp:term":[{"taxonomy":"category","embeddable":true,"href":"https:\/\/encircular.es\/ca\/wp-json\/wp\/v2\/categories\/?post=3034"},{"taxonomy":"post_tag","embeddable":true,"href":"https:\/\/encircular.es\/ca\/wp-json\/wp\/v2\/tags\/?post=3034"}],"curies":[{"name":"wp","href":"https:\/\/api.w.org\/{rel}","templated":true}]}}