{"id":3189,"date":"2020-10-13T20:38:10","date_gmt":"2020-10-13T18:38:10","guid":{"rendered":"https:\/\/encircular.es\/valhay-alternativas-reales-a-un-futuro-basado-en-la-economia-circular\/"},"modified":"2021-02-02T00:26:40","modified_gmt":"2021-02-01T23:26:40","slug":"mauris-ut-facilisis-lorem-praesent-feugiat-sem-nunc-vel-dignissim-erat-consectetur-ut-sed-quis-urna-mauris-aenean-erat-nibh","status":"publish","type":"post","link":"https:\/\/encircular.es\/ca\/mauris-ut-facilisis-lorem-praesent-feugiat-sem-nunc-vel-dignissim-erat-consectetur-ut-sed-quis-urna-mauris-aenean-erat-nibh\/","title":{"rendered":"Hi ha alternatives reals a un futur basat en l&#8217;economia circular?"},"content":{"rendered":"<p>El 22 d&#8217;agost va ser el &#8216;Dia de la Sobrecapacitat de la Terra&#8217; en 2020. En aqueixa data, la humanitat ja havia consumit tots els recursos naturals que el planeta \u00e9s capa\u00e7 de regenerar en un any. Aix\u00f2 suposa que, per a cobrir la totalitat de l&#8217;exercici, usarem recursos per als quals es necessitarien 1,7 planetes, la qual cosa aprofundir\u00e0 el d\u00e8ficit mediambiental i els impactes negatius sobre el nostre entorn. Aquesta situaci\u00f3 es repeteix any rere any i, el pitjor, \u00e9s que les perspectives no s\u00f3n falagueres: si es compleix la previsi\u00f3 d&#8217;aconseguir 9.700 milions d&#8217;habitants en la Terra en 2050 i mantenim els models de producci\u00f3 i consum, cada any necessitarem l&#8217;equivalent als recursos naturals generats per tres planetes.<\/p>\n<p>Aqueix consum i esgotament insostenible de recursos, la constant i progressiva p\u00e8rdua de biodiversitat, la contaminaci\u00f3 -i els seus efectes sobre la salut de les persones- i la constataci\u00f3 cient\u00edfica de l&#8217;acceleraci\u00f3 del canvi clim\u00e0tic no deixen lloc a dubtes: l&#8217;evoluci\u00f3 des de l&#8217;actual model econ\u00f2mic lineal -extraure, produir, usar i tirar- a un model a circular -inspirat en els cicles de la naturalesa i que t\u00e9 com a objectiu la m\u00e0xima efic\u00e0cia en l&#8217;\u00fas de recursos, energia i productes, productes, incrementant la sostenibilitat i competitivitat de les empreses i l&#8217;economia en general- no sols \u00e9s necessari, sin\u00f3 urgent.<\/p>\n<p>Malgrat la creixent conscienciaci\u00f3 i esfor\u00e7os de sector p\u00fablic i privat, nom\u00e9s un 17% del total de l&#8217;energia que utilitzem procedeix actualment de fonts renovables; el consum de materials s&#8217;ha duplicat des de l&#8217;any 2000 -multiplicant-se per tres en les \u00faltimes cinc d\u00e8cades-, fins a superar els 100.000 milions de tones anuals -quantitat que tornar\u00e0 a duplicar-se d&#8217;ac\u00ed a 2060-, i la generaci\u00f3 de residus i les emissions de CO\u2082 a l&#8217;atmosfera continuen marcant m\u00e0xims hist\u00f2rics, any rere any.<\/p>\n<p>La humanitat disposa, actualment, del coneixement, la tecnologia i un marc global que permet afrontar amb \u00e8xit aqueix canvi des d&#8217;un model basat en el creixement il\u00b7limitat de la producci\u00f3, el consum i el benefici econ\u00f2mic -insostenible en un m\u00f3n amb recursos finits- a un desenvolupament sostenible -ent\u00e9s com aquell que permet satisfer les necessitats humanes en el temps present, sense comprometre la satisfacci\u00f3 de necessitats futures-.<\/p>\n<p align=\"JUSTIFY\"><img loading=\"lazy\" decoding=\"async\" class=\"alignnone wp-image-1401 size-full\" src=\"https:\/\/encircular.es\/wp-content\/uploads\/2020\/10\/detail-of-plastic-bottles-for-recycling-scaled.jpg\" alt=\"Fotograf\u00eda de botellas de pl\u00e1stico.\" width=\"2560\" height=\"1440\" srcset=\"https:\/\/encircular.es\/wp-content\/uploads\/2020\/10\/detail-of-plastic-bottles-for-recycling-scaled.jpg 2560w, https:\/\/encircular.es\/wp-content\/uploads\/2020\/10\/detail-of-plastic-bottles-for-recycling-300x169.jpg 300w, https:\/\/encircular.es\/wp-content\/uploads\/2020\/10\/detail-of-plastic-bottles-for-recycling-1024x576.jpg 1024w, https:\/\/encircular.es\/wp-content\/uploads\/2020\/10\/detail-of-plastic-bottles-for-recycling-768x432.jpg 768w, https:\/\/encircular.es\/wp-content\/uploads\/2020\/10\/detail-of-plastic-bottles-for-recycling-1536x864.jpg 1536w, https:\/\/encircular.es\/wp-content\/uploads\/2020\/10\/detail-of-plastic-bottles-for-recycling-2048x1152.jpg 2048w\" sizes=\"auto, (max-width: 2560px) 100vw, 2560px\" \/><\/p>\n<p>Som capa\u00e7os d&#8217;innovar en materials -menys contaminants, m\u00e9s sostenibles i substitutius de mat\u00e8ries primeres naturals-; de repensar processos i redissenyar productes i serveis, buscant la m\u00e0xima efici\u00e8ncia; d&#8217;obtindre energia de fonts renovables amb costos assequibles, trencant la depend\u00e8ncia dels combustibles f\u00f2ssils; de reduir la generaci\u00f3 de residus -impulsant la reutilitzaci\u00f3, reparaci\u00f3, recuperaci\u00f3, reciclatge i reintroducci\u00f3 en el sistema de producci\u00f3-; de prolongar la vida \u00fatil de materials i productes -trencant definitivament amb l&#8217;obsolesc\u00e8ncia programada-; de dissenyar sistemes de tra\u00e7abilitat i log\u00edstics que garantisquen les millors pr\u00e0ctiques en el conjunt de la cadena de producci\u00f3 i distribuci\u00f3; de reduir els nivells de consum -gr\u00e0cies a la creixent conscienciaci\u00f3 dels ciutadans i a les noves f\u00f3rmules, com l&#8217;\u00fas compartit-; de prevaldre els productes m\u00e9s responsables i sostenibles en les nostres decisions de compra,\u2026<\/p>\n<p>Amb la vista posada en 2030, entrem en la que s&#8217;ha denominat la D\u00e8cada de l&#8217;Acci\u00f3. Sostenibilitat, comprom\u00eds i corresponsabilitat s\u00f3n els pilars del gran projecte global, l&#8217;Agenda 2030. Aquest acord multinacional, que implica a tots els agents econ\u00f2mics i socials, estableix les bases de l&#8217;evoluci\u00f3 a un nou model. Suposa un gran salt qualitatiu enfront dels anteriors -i molt nombrosos- compromisos i acords multinacionals: no es limita nom\u00e9s a definir uns ambiciosos objectius comuns (els Objectius de Desenvolupament Sostenible,\u00a0ODS), sin\u00f3 que estableix un full de ruta per a aconseguir-los, amb indicadors, eines i metes compartides concretes.<\/p>\n<p>L&#8217;economia en circular es concep com una eina transversal per a aconseguir aqueixos objectius, at\u00e9s que estem parlant d&#8217;un canvi sist\u00e8mic, amb visi\u00f3 a llarg termini. Si b\u00e9 est\u00e0 directament vinculada al\u00a0ODS\u00a012 (Producci\u00f3 i consum responsable), impacta en la majoria d&#8217;Objectius (tant els centrats en el medi ambient com en la salut de les persones i el desenvolupament de les ciutats).<\/p>\n<p>Implantar amb \u00e8xit un sistema circular exigeix la implicaci\u00f3 de governs, empreses i ciutadans, perqu\u00e8 es tracta no sols d&#8217;una transformaci\u00f3 a nivell econ\u00f2mic, organitzatiu o tecnol\u00f2gic, sin\u00f3, sobretot, social i cultural. Implica una evoluci\u00f3 en les maneres de produir i de consumir, per\u00f2, tamb\u00e9, i a causa d&#8217;aix\u00f2, en les maneres de viure, de relacionar-nos, i els nivells de benestar i de qualitat de vida.<\/p>\n<p>Ja en 2015, el llavors president dels Estats Units va ser molt clar: \u201cSom la primera generaci\u00f3 que sent les conseq\u00fc\u00e8ncies del canvi clim\u00e0tic i l&#8217;\u00faltima que t\u00e9 l&#8217;oportunitat de fer alguna cosa per a detindre-ho\u201d.<\/p>\n<p>\u00c9s responsabilitat de cada persona assumir el seu rol i actuar com a agent transformador del model econ\u00f2mic i social, en les diferents situacions i eleccions que trobem en la nostra vida personal i professional. Nom\u00e9s aix\u00ed, aconseguirem un m\u00f3n sostenible i just per a tots.<\/p>\n","protected":false},"excerpt":{"rendered":"<p>El 22 d&#8217;agost va ser el &#8216;Dia de la Sobrecapacitat de la Terra&#8217; en 2020. En aqueixa data, la humanitat ja havia consumit tots els recursos naturals que el planeta \u00e9s capa\u00e7 de regenerar en un any. Aix\u00f2 suposa que, per a cobrir la totalitat de l&#8217;exercici, usarem recursos per als quals es necessitarien 1,7 [&hellip;]<\/p>\n","protected":false},"author":1,"featured_media":1405,"comment_status":"open","ping_status":"open","sticky":false,"template":"","format":"standard","meta":{"footnotes":""},"categories":[91],"tags":[],"class_list":["post-3189","post","type-post","status-publish","format-standard","has-post-thumbnail","hentry","category-ecosistema-ca-blogcom-ca"],"_links":{"self":[{"href":"https:\/\/encircular.es\/ca\/wp-json\/wp\/v2\/posts\/3189\/"}],"collection":[{"href":"https:\/\/encircular.es\/ca\/wp-json\/wp\/v2\/posts\/"}],"about":[{"href":"https:\/\/encircular.es\/ca\/wp-json\/wp\/v2\/types\/post\/"}],"author":[{"embeddable":true,"href":"https:\/\/encircular.es\/ca\/wp-json\/wp\/v2\/users\/1\/"}],"replies":[{"embeddable":true,"href":"https:\/\/encircular.es\/ca\/wp-json\/wp\/v2\/comments\/?post=3189"}],"version-history":[{"count":4,"href":"https:\/\/encircular.es\/ca\/wp-json\/wp\/v2\/posts\/3189\/revisions\/"}],"predecessor-version":[{"id":3920,"href":"https:\/\/encircular.es\/ca\/wp-json\/wp\/v2\/posts\/3189\/revisions\/3920\/"}],"wp:featuredmedia":[{"embeddable":true,"href":"https:\/\/encircular.es\/ca\/wp-json\/wp\/v2\/media\/1405\/"}],"wp:attachment":[{"href":"https:\/\/encircular.es\/ca\/wp-json\/wp\/v2\/media\/?parent=3189"}],"wp:term":[{"taxonomy":"category","embeddable":true,"href":"https:\/\/encircular.es\/ca\/wp-json\/wp\/v2\/categories\/?post=3189"},{"taxonomy":"post_tag","embeddable":true,"href":"https:\/\/encircular.es\/ca\/wp-json\/wp\/v2\/tags\/?post=3189"}],"curies":[{"name":"wp","href":"https:\/\/api.w.org\/{rel}","templated":true}]}}