{"id":3727,"date":"2020-09-13T16:53:10","date_gmt":"2020-09-13T14:53:10","guid":{"rendered":"https:\/\/encircular.es\/?p=3727"},"modified":"2021-02-02T00:41:38","modified_gmt":"2021-02-01T23:41:38","slug":"espana-en-el-mapa-europeo-de-la-economia-circular-una-oportunidad-historica","status":"publish","type":"post","link":"https:\/\/encircular.es\/ca\/espana-en-el-mapa-europeo-de-la-economia-circular-una-oportunidad-historica\/","title":{"rendered":"Espanya en el mapa europeu de l&#8217;economia circular: Una oportunitat hist\u00f2rica"},"content":{"rendered":"<p>Sobre el paper, Espanya \u00e9s un dels pa\u00efsos que compta amb millors condicions i recursos per a liderar la transici\u00f3 dels models de producci\u00f3 i consum cap a l&#8217;economia en circular. Per\u00f2, estem traient profit a aqueixos avantatges? Estem en condicions de complir amb els objectius definits en l&#8217;Estrat\u00e8gia d&#8217;Economia Circular europea per a 2030?<\/p>\n<p>La realitat \u00e9s que, si no avancem en un canvi de paradigma, que s&#8217;estenga des del sistema educatiu fins al marc legislatiu, tecnol\u00f2gic, financer i de models de negoci, deixarem passar l&#8217;oportunitat hist\u00f2rica de liderar l&#8217;evoluci\u00f3 cap a models m\u00e9s sostenibles, reduir la nostra depend\u00e8ncia exterior -Espanya necessita 2,5 vegades la seua superf\u00edcie per a satisfer les seues necessitats actuals- i refor\u00e7ar la competitivitat i capacitat d&#8217;internacionalitzaci\u00f3 de les nostres empreses.<\/p>\n<p>Espanya \u00e9s el segon estat per grand\u00e0ria i el primer per nivell de biodiversitat d&#8217;Europa; gaudeix d&#8217;unes condicions geogr\u00e0fiques i clim\u00e0tiques \u00f2ptimes per al desenvolupament de les energies renovables -solar, e\u00f2lica i hidr\u00e0ulica-; un sistema de coneixement i innovaci\u00f3 consolidat i en ple creixement -\u00e9s considerat un dels cinc pa\u00efsos europeus amb major grau de desenvolupament tecnol\u00f2gic-; m\u00e0 d&#8217;obra qualificada, i un alt grau de conscienciaci\u00f3 sobre la necessitat d&#8217;actuar enfront de la deterioraci\u00f3 mediambiental i el canvi clim\u00e0tic entre ciutadans i sector empresarial.<\/p>\n<p>De fet, entorn del 85% de les organitzacions privades consultades en el marc de l&#8217;Eurobar\u00f2metre publicat al juny de 2016 afirmava haver adoptat alguna pol\u00edtica o mesura vinculada amb l&#8217;economia circular en els tres anys anteriors o estava en vies de fer-ho, la qual cosa col\u00b7locava a Espanya en el tercer lloc quant a implantaci\u00f3 en el sector empresarial. No obstant aix\u00f2, cal tindre en compte que en el 70% dels casos aquestes mesures se centraven en la gesti\u00f3 de residus -de fet, l&#8217;\u00e0mbit amb major desenvolupament legislatiu-, i nom\u00e9s el restant 15% va tindre en compte altres fases del proc\u00e9s de producci\u00f3 o consum -des del disseny circular o l&#8217;ecoinnovaci\u00f3 a la log\u00edstica-, desaprofitant les oportunitats estrat\u00e8giques que obri la implantaci\u00f3 d&#8217;aquesta mena de model en termes d&#8217;efici\u00e8ncia, innovaci\u00f3, productivitat i competitivitat.<\/p>\n<p>No sols aix\u00f2, sin\u00f3 que, segons el Circle Economy, la \u201cbretxa de circularitat global s&#8217;est\u00e0 ampliant\u201d. En concret, la taxa de circularitat -que mesura la proporci\u00f3 del material recuperat i retornat a l&#8217;economia-, es xifra a Espanya en un 8,2%, enfront del 9,1% aconseguit dos anys abans, lluny del 11,7% de la mitjana de la UE i per davall de, 8,6% de mitjana mundial. La Fundaci\u00f3 Cotec atribueix aquesta situaci\u00f3 al fet que, en moments de crisis, les empreses han buscat una major efici\u00e8ncia en l&#8217;\u00fas de recursos i materials, esfor\u00e7os que es van relaxar quan va arribar la recuperaci\u00f3. L&#8217;actual crisi provocada pel Covid-19 podria contribuir a recuperar part d&#8217;aqueix terreny perdut.<\/p>\n<p>A m\u00e9s, ens situem lluny de la mitjana europea en indicadors clau en \u00e0mbits com la gesti\u00f3 de residus -paradoxalment, el que m\u00e9s i majors esfor\u00e7os ha concentrat-, amb un 33,5% de taxa de reciclatge a Espanya, enfront del 46,5% a la UE, o un 54% de residus municipals que acaben en abocadors, m\u00e9s del doble que la mitjana europea -percentatge que complica arribar a l&#8217;objectiu de la UE de baixar al 10% el dep\u00f2sit en abocadors en 2030-, a m\u00e9s de la proliferaci\u00f3 d&#8217;abocadors il\u00b7legals -situaci\u00f3 objecte de diversos sancions al pa\u00eds-.<\/p>\n<p><strong>Per qu\u00e8 estem en aquesta situaci\u00f3?<\/strong><\/p>\n<p>Aquest retard en l&#8217;evoluci\u00f3 cap a models d&#8217;economia circular a Espanya, que contrasta amb el seu te\u00f2ric potencial per a abordar la transici\u00f3 de manera reeixida, respon a una combinaci\u00f3 de m\u00faltiples factors, entre els quals podem destacar: el retard en un marc de refer\u00e8ncia nacional -l&#8217;Estrat\u00e8gia Espanyola d&#8217;Economia Circular es va aprovar, finalment, al juny de 2020, cinc anys despr\u00e9s que l&#8217;europeu i despr\u00e9s de m\u00e9s de dos anys en tramitaci\u00f3-, amb objectius, eines i pol\u00edtiques que incentiven la inversi\u00f3 en solucions m\u00e9s sostenibles i innovadores, al que s&#8217;uneix la disparitat de normatives entre les diferents comunitats aut\u00f2nomes; l&#8217;estructura empresarial, amb m\u00e9s d&#8217;un 97% de pimes i micropimes, amb recursos limitats que dificulten la inversi\u00f3, m\u00e9s en moments de crisis com les que hem patit en els \u00faltims exercicis; l&#8217;abs\u00e8ncia de metodologies de seguiment, mesurament i indicadors clars en aquesta mat\u00e8ria, i la pressi\u00f3 del mercat.<\/p>\n<p>Aquest context ha provocat que, malgrat la creixent conscienciaci\u00f3 i comprom\u00eds del sector empresarial, s&#8217;hagen desincentivat inversions innovadores, tant nacionals com internacionals, i que el consum de materials i energia i les emissions de CO2 cresquen any rere any, amb el conseg\u00fcent empitjorament dels impactes en l&#8217;entorn i en la qualitat de vida i salut dels seus habitants<\/p>\n<p>En 2019, la consultora Kaizen Institute, va realitzar un estudi sobre la inversi\u00f3 de les empreses espanyoles en projectes i solucions que ajuden a millorar l&#8217;economia circular. Va concloure que nom\u00e9s el 30% d&#8217;elles estan incorporant iniciatives sostenibles basades en la utilitzaci\u00f3 de materials reciclats, \u00fas d&#8217;energies alternatives o disseny de productes m\u00e9s f\u00e0cilment reciclables, i que aquestes mesures suposen, de mitjana, un 12% de la inversi\u00f3 total.<\/p>\n<p>L&#8217;Estrat\u00e8gia Espanyola d&#8217;Economia Circular (EEEC), \u2018Espanya Circular 2030\u2019, apel\u00b7la a la necess\u00e0ria col\u00b7laboraci\u00f3 p\u00fablic privada per a aconseguir els ambiciosos objectius, alineats amb els definits per la UE: reduir en un 30% el consum nacional de materials en relaci\u00f3 amb el PIB -respecte a 2010-; disminuir la generaci\u00f3 de residus un 15%; augmentar la reutilitzaci\u00f3 fins a arribar al 10% dels residus municipals generats; millorar un 10% l&#8217;efici\u00e8ncia en l&#8217;\u00fas de l&#8217;aigua, i reduir l&#8217;emissi\u00f3 de gasos d&#8217;efecte d&#8217;hivernacle per davall dels 10 milions de tones de CO2 equivalent, entre altres. -Llegir m\u00e9s en \u2018L&#8217;Estrat\u00e8gia Espanyola d&#8217;Economia Circular: Construint un sistema m\u00e9s sostenible i competitiu\u2019-.<\/p>\n<p>En aquest sentit, el Ministeri de Transici\u00f3 Ecol\u00f2gica destaca que la transici\u00f3 \u201cha de fer-se de manera que permeta a les empreses ser eficients sense inc\u00f3rrer en c\u00e0rregues excessives, millorant la seua productivitat, capacitat de contractar, les seues inversions i les seues oportunitats d&#8217;internacionalitzaci\u00f3\u201d. Afig que \u00e9s necessari millorar la base dels nostres coneixements cient\u00edfics i t\u00e8cnics, desenvolupar noves tecnologies, i redissenyar els productes i processos productius, models de negoci, incloent els serveis, i de consum.<\/p>\n<p>En el document posa l&#8217;accent que el foment de la I+D+i, en la qual s&#8217;emmarca el disseny, \u00e9s un element crucial en aquest proc\u00e9s de transici\u00f3. Aqueixa aposta per la innovaci\u00f3 permetr\u00e0, \u201cal mateix temps, contribuir a la modernitzaci\u00f3, desenvolupament, creixement i competitivitat empresarial que contribuir\u00e0, tamb\u00e9, a la competitivitat i modernitzaci\u00f3 de la ind\u00fastria europea i espanyola\u201d.<\/p>\n<p><strong>Pa\u00eds Basc: Un cas d&#8217;\u00e8xit que inspira<\/strong><\/p>\n<p>L&#8217;evoluci\u00f3 al Pa\u00eds Basc demostra que els resultats poden ser molt diferents quan sector p\u00fablic i privat treballen de la m\u00e0 per a aconseguir objectius compartits i aquests abasten tot el cicle de producci\u00f3 i consum. El govern auton\u00f2mic ha realitzat una decidida aposta per la implantaci\u00f3 de models circulars, amb legislaci\u00f3 pr\u00f2pia, refor\u00e7 del sistema d&#8217;innovaci\u00f3 i coneixement, programes de suport a la innovaci\u00f3 i a nous negocis i incentius fiscals, entre altres mesures. Des de l&#8217;any 2000, el consum de materials en aquesta comunitat s&#8217;ha retallat un 25% -pese al creixement del 26% en l&#8217;economia regional- i el volum de residus urbans en abocador ha baixat un 56%.<\/p>\n<p>Al gener, va ratificar aquesta aposta amb l&#8217;aprovaci\u00f3 de l&#8217;Estrat\u00e8gia d&#8217;Economia Circular d&#8217;Euskadi 2030. A m\u00e9s de mantindre les l\u00ednies esmentades, es posar\u00e0 especial atenci\u00f3 a la generaci\u00f3 i transfer\u00e8ncia de coneixement; capacitaci\u00f3 de professionals; el desenvolupament d&#8217;est\u00e0ndards t\u00e8cnics i de metodologies per a facilitar la utilitzaci\u00f3 de materials secundaris, o l&#8217;aplicaci\u00f3 de taxes mediambientals, entre altres l\u00ednies.<\/p>\n<p>Amb la seua implantaci\u00f3 s&#8217;espera aconseguir la creaci\u00f3 de m\u00e9s de 3.000 ocupacions en l&#8217;\u00e0mbit de l&#8217;economia circular, un augment de la facturaci\u00f3 de les empreses del territori en productes m\u00e9s circulars fins als 10.000 milions d&#8217;euros i la reducci\u00f3 del 26% de les emissions de carboni associades al consum, entre altres fites.<\/p>\n","protected":false},"excerpt":{"rendered":"<p>Sobre el paper, Espanya \u00e9s un dels pa\u00efsos que compta amb millors condicions i recursos per a liderar la transici\u00f3 dels models de producci\u00f3 i consum cap a l&#8217;economia en circular. Per\u00f2, estem traient profit a aqueixos avantatges? Estem en condicions de complir amb els objectius definits en l&#8217;Estrat\u00e8gia d&#8217;Economia Circular europea per a 2030? [&hellip;]<\/p>\n","protected":false},"author":3,"featured_media":1411,"comment_status":"open","ping_status":"open","sticky":false,"template":"","format":"standard","meta":{"footnotes":""},"categories":[91],"tags":[],"class_list":["post-3727","post","type-post","status-publish","format-standard","has-post-thumbnail","hentry","category-ecosistema-ca-blogcom-ca"],"_links":{"self":[{"href":"https:\/\/encircular.es\/ca\/wp-json\/wp\/v2\/posts\/3727\/"}],"collection":[{"href":"https:\/\/encircular.es\/ca\/wp-json\/wp\/v2\/posts\/"}],"about":[{"href":"https:\/\/encircular.es\/ca\/wp-json\/wp\/v2\/types\/post\/"}],"author":[{"embeddable":true,"href":"https:\/\/encircular.es\/ca\/wp-json\/wp\/v2\/users\/3\/"}],"replies":[{"embeddable":true,"href":"https:\/\/encircular.es\/ca\/wp-json\/wp\/v2\/comments\/?post=3727"}],"version-history":[{"count":3,"href":"https:\/\/encircular.es\/ca\/wp-json\/wp\/v2\/posts\/3727\/revisions\/"}],"predecessor-version":[{"id":3933,"href":"https:\/\/encircular.es\/ca\/wp-json\/wp\/v2\/posts\/3727\/revisions\/3933\/"}],"wp:featuredmedia":[{"embeddable":true,"href":"https:\/\/encircular.es\/ca\/wp-json\/wp\/v2\/media\/1411\/"}],"wp:attachment":[{"href":"https:\/\/encircular.es\/ca\/wp-json\/wp\/v2\/media\/?parent=3727"}],"wp:term":[{"taxonomy":"category","embeddable":true,"href":"https:\/\/encircular.es\/ca\/wp-json\/wp\/v2\/categories\/?post=3727"},{"taxonomy":"post_tag","embeddable":true,"href":"https:\/\/encircular.es\/ca\/wp-json\/wp\/v2\/tags\/?post=3727"}],"curies":[{"name":"wp","href":"https:\/\/api.w.org\/{rel}","templated":true}]}}