{"id":3784,"date":"2021-01-22T18:18:58","date_gmt":"2021-01-22T17:18:58","guid":{"rendered":"https:\/\/encircular.es\/la-nueva-bauhaus-redisenando-europa-con-base-en-la-economia-circular\/"},"modified":"2021-02-02T18:02:20","modified_gmt":"2021-02-02T17:02:20","slug":"la-nueva-bauhaus-redisenando-europa-con-base-en-la-economia-circular","status":"publish","type":"post","link":"https:\/\/encircular.es\/ca\/la-nueva-bauhaus-redisenando-europa-con-base-en-la-economia-circular\/","title":{"rendered":"La Nova Bauhaus: redissenyant Europa amb base en l&#8217;economia circular"},"content":{"rendered":"<div class=\"traductor-textarea form-group\">\n<p class=\"textarea-desti col-xs-12 col-sm-6\">\u201cVull que NextGenerationEU impulse una ona de renovaci\u00f3 europea i fa\u00e7a de la nostra Uni\u00f3 un l\u00edder en l&#8217;economia circular\u201d. Aquesta declaraci\u00f3 d&#8217;intencions que va posar sobre la taula la presidenta de la Comissi\u00f3 Europea, Ursula Von der Leyen, el mes de setembre passat, est\u00e0 en la base de la Nova Bauhaus Europea, concebuda com &#8220;un projecte mediambiental, econ\u00f2mic i cultural, l&#8217;objectiu del qual \u00e9s combinar el disseny, la sostenibilitat, l&#8217;accessibilitat, l&#8217;assequibilitat i la inversi\u00f3\u201d, per a contribuir al compliment dels objectius del European Green Deal (Pacte Verd Europeu), l&#8217;Acord de Par\u00eds i els Objectius de Desenvolupament Sostenible (ODS) de l&#8217;Agenda 2030, millorant la vida de les persones.<\/p>\n<\/div>\n<div class=\"traductor-checkbox form-group\">\n<div class=\"row\">\n<div class=\"col-sm-offset-2 col-sm-5\"><\/div>\n<\/div>\n<\/div>\n<div class=\"traductor-textarea form-group\">\n<p class=\"textarea-desti col-xs-12 col-sm-6\">Economia circular, ecodisseny, efici\u00e8ncia energ\u00e8tica, innovaci\u00f3 digital, accessibilitat universal, mobilitat sostenible i adaptada, apareixen entre els ingredients clau en la f\u00f3rmula per a la recuperaci\u00f3 de l&#8217;activitat i l&#8217;ocupaci\u00f3 en l&#8217;economia europea despr\u00e9s de la crisi provocada per la pand\u00e8mia del Covid-19.<\/p>\n<\/div>\n<div class=\"traductor-checkbox form-group\">\n<div class=\"row\">\n<div class=\"col-sm-offset-2 col-sm-5\"><\/div>\n<\/div>\n<\/div>\n<p>Per\u00f2, l&#8217;estrat\u00e8gia aprovada per les autoritats comunit\u00e0ries va m\u00e9s enll\u00e0: no es parla nom\u00e9s de recuperaci\u00f3, sin\u00f3 de reconstrucci\u00f3, de redisseny dels entorns urbans, del sistema econ\u00f2mic, de les maneres de produir i consumir, i de la manera de vida dels ciutadans. En definitiva, d&#8217;un canvi de paradigma que no es limita a l&#8217;econ\u00f2mic i mediambiental, sin\u00f3 que abasta, tamb\u00e9, l&#8217;\u00e0mbit social i cultural.<\/p>\n<p>&#8220;Els nostres nivells de consum de materials, energia, aigua, menjar i terra no s\u00f3n sostenibles. Necessitem canviar com tractem a la naturalesa, com produ\u00efm i consumim, vivim, treballem, mengem, ens calfem, viatgem i ens transportem\u201d, va subratllar\u00a0Von\u00a0der\u00a0Leyen.<\/p>\n<p>La dotaci\u00f3 aprovada per al pla de reconstrucci\u00f3 d&#8217;Europa en el marc de la pand\u00e8mia,\u00a0NextGenerationEU\u00a0-per import inicial de 750.000 milions d&#8217;euros-, permetr\u00e0 abordar inversions en nous projectes, desenvolupaments tecnol\u00f2gics, rehabilitaci\u00f3 i reformes urbanes i I+D.<\/p>\n<p>Part d&#8217;aqueixos projectes seran dissenyats i gestionats en el marc de la Nova Bauhaus Europea.<\/p>\n<div class=\"traductor-textarea form-group\">\n<div class=\"textarea-desti col-xs-12 col-sm-6\">\n<p class=\"form-control second-textarea\"><strong>Co-creaci\u00f3\u00a0i disseny<\/strong><\/p>\n<\/div>\n<\/div>\n<div class=\"traductor-checkbox form-group\">\n<div class=\"row\">\n<div class=\"col-sm-offset-2 col-sm-5\"><\/div>\n<\/div>\n<\/div>\n<p>L&#8217;abast i ambici\u00f3 del projecte queda patent ja en la decisi\u00f3 estrat\u00e8gica de vincular-lo amb la m\u00edtica Escola Bauhaus -creada en 1919 per l&#8217;arquitecte Walter\u00a0Gropius\u00a0en\u00a0Weimar\u00a0i tancada en 1933, per decisi\u00f3 les autoritats nazis-, moviment que va reunir a alguns dels grans arquitectes, dissenyadors i creatius de l&#8217;\u00e8poca i va provocar una revoluci\u00f3 en el panorama cultural i urb\u00e0, establint les bases dels moviments moderns en disseny i arquitectura.<\/p>\n<p>&#8220;Sostenibilitat, inclusi\u00f3 i est\u00e8tica&#8221; es posicionen com els valors fonamentals en aquesta nova etapa de la instituci\u00f3, que centra el seu focus en les persones.<\/p>\n<p>Aquesta orientaci\u00f3 t\u00e9 el seu reflex en la pr\u00f2pia concepci\u00f3 del projecte. En la seua primera fase, la Comissi\u00f3 Europea ha posat en marxa un procediment innovador de di\u00e0leg social i\u00a0co-creaci\u00f3, &#8220;inclusiu i col\u00b7lectiu&#8221;, obert a tota mena d&#8217;actors i aportacions -Governs, organismes i institucions p\u00fabliques i privades, empreses, cient\u00edfics, creatius, dissenyadors, arquitectes, constructors, enginyers, estudiants, emprenedors&#8230; i persones a t\u00edtol particular-. <a href=\"https:\/\/europa.eu\/new-european-bauhaus\/index_es\">Per a facilitar aquest proc\u00e9s i garantir la seua accessibilitat, s&#8217;ha habilitat una p\u00e0gina web oficial<\/a>.<\/p>\n<p>&nbsp;<\/p>\n<p><img loading=\"lazy\" decoding=\"async\" class=\"wp-image-3708 aligncenter\" src=\"https:\/\/encircular.es\/wp-content\/uploads\/2021\/01\/bauhaus-300x189.jpg\" alt=\"\" width=\"658\" height=\"414\" srcset=\"https:\/\/encircular.es\/wp-content\/uploads\/2021\/01\/bauhaus-300x189.jpg 300w, https:\/\/encircular.es\/wp-content\/uploads\/2021\/01\/bauhaus-768x484.jpg 768w, https:\/\/encircular.es\/wp-content\/uploads\/2021\/01\/bauhaus.jpg 966w\" sizes=\"auto, (max-width: 658px) 100vw, 658px\" \/><\/p>\n<p>&nbsp;<\/p>\n<div class=\"traductor-textarea form-group\">\n<div class=\"textarea-desti col-xs-12 col-sm-6\">\n<p class=\"form-control second-textarea\">\u201cA l&#8217;\u00e9sser un pont entre el m\u00f3n de l&#8217;art i la cultura, d&#8217;una banda, i el m\u00f3n de la ci\u00e8ncia i la tecnologia, per l&#8217;altre, ens assegurarem d&#8217;involucrar a la societat en el seu conjunt: els nostres artistes, els nostres estudiants, els nostres arquitectes, els nostres enginyers, la nostra acad\u00e8mia,&#8230;els nostres innovadors. Donar\u00e0 inici a un canvi sist\u00e8mic&#8221;, subratlla\u00a0Mariya\u00a0Gabriel, Comiss\u00e0ria d&#8217;Innovaci\u00f3, Investigaci\u00f3, Cultura, Educaci\u00f3 i Joventut. Es treballaran objectius a curt, mitj\u00e0 i llarg termini, per a garantir la continu\u00eftat del projecte.<\/p>\n<\/div>\n<\/div>\n<div class=\"traductor-checkbox form-group\">\n<div class=\"row\">\n<div class=\"col-sm-offset-2 col-sm-5\"><\/div>\n<\/div>\n<\/div>\n<p>Sobre la base de les propostes rebudes en aquest proc\u00e9s de\u00a0co-creaci\u00f3, &#8220;es donar\u00e0 forma al concepte, mitjan\u00e7ant l&#8217;exploraci\u00f3 d&#8217;idees, la identificaci\u00f3 de les necessitats i els desafiaments m\u00e9s urgents i la connexi\u00f3 de les parts interessades\u201d. Es treballaran objectius a curt, mitj\u00e0 i llarg termini, per a garantir la continu\u00eftat del projecte.<\/p>\n<p>A m\u00e9s, es crea la figura de &#8216;Socis de la Nova Bauhaus Europea&#8217;, a la qual podran acollir-se aquells actors que desitgen implicar-se en major mesura en l&#8217;execuci\u00f3 dels projectes.<\/p>\n<p>Emmarcada en aquesta primera fase, a la primavera es llan\u00e7ar\u00e0 la convocat\u00f2ria de la primera edici\u00f3 del &#8216;Premi Nova Bauhaus Europea&#8217;, destinada a recon\u00e9ixer &#8220;exemples ja existents d&#8217;integraci\u00f3 dels valors clau de la iniciativa que puguen estimular el debat sobre els llocs en els quals vivim i la seua transformaci\u00f3&#8221;.<\/p>\n<p>A la tardor arrancar\u00e0 la segona etapa, amb \u201cla publicaci\u00f3 de convocat\u00f2ries de propostes per a donar vida a les idees de la Nova Bauhaus Europea almenys en cinc llocs dels Estats membres de la UE, per al que es recorrer\u00e0 als fons de la UE a nivell nacional i regional&#8221;, segons detalla la Comissi\u00f3 Europea.<\/p>\n<div class=\"traductor-textarea form-group\">\n<div class=\"textarea-desti col-xs-12 col-sm-6\">\n<p class=\"form-control second-textarea\"><strong>Puente entre idees i canvi real<\/strong><\/p>\n<\/div>\n<\/div>\n<div class=\"traductor-checkbox form-group\">\n<div class=\"row\">\n<div class=\"col-sm-offset-2 col-sm-5\"><\/div>\n<\/div>\n<\/div>\n<p>\u201cSi volem que les coses canvien veritablement al nostre al voltant, si volem portar una vida m\u00e9s plena i sostenible, hem de pensar com la Nova Bauhaus Europea pot servir de pont entre la concepci\u00f3 d&#8217;idees noves i la seua posada en pr\u00e0ctica en llocs f\u00edsics. Amb aqueixa fi, estem explorant, en tots els departaments de la Comissi\u00f3, la manera de mobilitzar les nostres eines per a iniciar un conjunt concret de mesures de la Nova Bauhaus Europea&#8221;, va apuntar Elisa Ferreira, comiss\u00e0ria de Cohesi\u00f3 i Reformes.<\/p>\n<p>En una tercera fase, &#8220;de difusi\u00f3&#8221;, es treballar\u00e0 per a &#8220;propagar les idees i conceptes que defineixen la Nova Bauhaus Europea, a trav\u00e9s de nous projectes, creaci\u00f3 de xarxes i posada en com\u00fa de coneixements, tant dins com fora d&#8217;Europa&#8221;.<\/p>\n<p>Enlla\u00e7a aix\u00ed de nou, tancant el cercle, amb l&#8217;Agenda 2030 de Desenvolupament Sostenible, que planteja la corresponsabilitat d&#8217;agents i de territoris per a avan\u00e7ar en la soluci\u00f3 als grans reptes que afronta la humanitat i consolidar un m\u00f3n m\u00e9s eficient, sostenible i just per a tots.<\/p>\n<p>&nbsp;<\/p>\n","protected":false},"excerpt":{"rendered":"<p>\u201cVull que NextGenerationEU impulse una ona de renovaci\u00f3 europea i fa\u00e7a de la nostra Uni\u00f3 un l\u00edder en l&#8217;economia circular\u201d. Aquesta declaraci\u00f3 d&#8217;intencions que va posar sobre la taula la presidenta de la Comissi\u00f3 Europea, Ursula Von der Leyen, el mes de setembre passat, est\u00e0 en la base de la Nova Bauhaus Europea, concebuda com [&hellip;]<\/p>\n","protected":false},"author":3,"featured_media":3706,"comment_status":"open","ping_status":"open","sticky":false,"template":"","format":"standard","meta":{"footnotes":""},"categories":[91],"tags":[116,117,118,122,168,210,211,212,213,214,215],"class_list":["post-3784","post","type-post","status-publish","format-standard","has-post-thumbnail","hentry","category-ecosistema-ca-blogcom-ca","tag-economia-circular-ca","tag-agenda-2030-ca","tag-ods-ca","tag-sostenibilidad-ca","tag-ecodiseno-ca","tag-acuerdo-de-paris-ca","tag-bauhaus-ca","tag-estrategia-europea-ca","tag-green-deal-ca","tag-new-european-bauhaus-ca","tag-nueva-bauhaus-ca"],"_links":{"self":[{"href":"https:\/\/encircular.es\/ca\/wp-json\/wp\/v2\/posts\/3784\/"}],"collection":[{"href":"https:\/\/encircular.es\/ca\/wp-json\/wp\/v2\/posts\/"}],"about":[{"href":"https:\/\/encircular.es\/ca\/wp-json\/wp\/v2\/types\/post\/"}],"author":[{"embeddable":true,"href":"https:\/\/encircular.es\/ca\/wp-json\/wp\/v2\/users\/3\/"}],"replies":[{"embeddable":true,"href":"https:\/\/encircular.es\/ca\/wp-json\/wp\/v2\/comments\/?post=3784"}],"version-history":[{"count":7,"href":"https:\/\/encircular.es\/ca\/wp-json\/wp\/v2\/posts\/3784\/revisions\/"}],"predecessor-version":[{"id":3964,"href":"https:\/\/encircular.es\/ca\/wp-json\/wp\/v2\/posts\/3784\/revisions\/3964\/"}],"wp:featuredmedia":[{"embeddable":true,"href":"https:\/\/encircular.es\/ca\/wp-json\/wp\/v2\/media\/3706\/"}],"wp:attachment":[{"href":"https:\/\/encircular.es\/ca\/wp-json\/wp\/v2\/media\/?parent=3784"}],"wp:term":[{"taxonomy":"category","embeddable":true,"href":"https:\/\/encircular.es\/ca\/wp-json\/wp\/v2\/categories\/?post=3784"},{"taxonomy":"post_tag","embeddable":true,"href":"https:\/\/encircular.es\/ca\/wp-json\/wp\/v2\/tags\/?post=3784"}],"curies":[{"name":"wp","href":"https:\/\/api.w.org\/{rel}","templated":true}]}}