{"id":4265,"date":"2021-02-19T13:04:20","date_gmt":"2021-02-19T12:04:20","guid":{"rendered":"https:\/\/encircular.es\/episodio-4-luis-gonzalez-reyes-el-enfoque-pedagogico-de-la-sostenibilidad\/"},"modified":"2021-03-18T16:41:58","modified_gmt":"2021-03-18T15:41:58","slug":"episodio-4-luis-gonzalez-reyes-el-enfoque-pedagogico-de-la-sostenibilidad","status":"publish","type":"post","link":"https:\/\/encircular.es\/ca\/episodio-4-luis-gonzalez-reyes-el-enfoque-pedagogico-de-la-sostenibilidad\/","title":{"rendered":"&#8216;Episodi 4&#8217;. Luis Gonz\u00e1lez Reyes: L&#8217;enfocament pedag\u00f2gic de la sostenibilitat"},"content":{"rendered":"<p>Coincidirem tots que els canvis socials es consoliden en l&#8217;educaci\u00f3. Les societats amb millor educaci\u00f3 s\u00f3n les m\u00e9s avan\u00e7ades i, si optem per transformar el model d&#8217;economia actual, lineal, per un basat en l&#8217;economia circular, ser\u00e0 clau passar per les aules dels col\u00b7legis i educar a les futures generacions en aquests termes.<\/p>\n<p>El nostre protagonista aquesta setmana en EnCircular \u00e9s Luis Gonz\u00e1lez Reyes, un dels fundadors i membre d&#8217;Ecologistes en Acci\u00f3, de la qual va ser coordinador durant nou anys, i soci de la cooperativa Gar\u00faa, en la qual es dedica a la formaci\u00f3 i la investigaci\u00f3 en temes relacionats amb l&#8217;ecologisme i la pedagogia. En aquest \u00e0mbit, \u00e9s col\u00b7laborador habitual de diverses universitats i de la Fundaci\u00f3 FUHEM, on \u00e9s el responsable de &#8216;eco-socialitzaci\u00f3&#8217; en tres centres escolars.<\/p>\n<p><iframe loading=\"lazy\" src=\"https:\/\/www.youtube.com\/embed\/bi3vaQrRp0I\" width=\"853\" height=\"480\" frameborder=\"0\" allowfullscreen=\"allowfullscreen\"><\/iframe><\/p>\n<p>El seu discurs arranca d&#8217;una premissa contundent: \u201cSom ecodependientes\u201d. \u00c9s a dir, que tota la nostra activitat dep\u00e9n, directament o indirectament, de la naturalesa. Premissa que es complementa amb una altra, que posa l&#8217;accent en la import\u00e0ncia d&#8217;educar en els &#8216;valors circulars&#8217;: \u201cSom interdependents\u201d.<\/p>\n<p>Ens est\u00e0 tocant viure en un m\u00f3n ple de crisi, crisis mediambientals, de recursos, clim\u00e0tiques i socials. Luis defensa, al llarg de tota la seua intervenci\u00f3, l&#8217;extrema necessitat de buscar el canvi d&#8217;aquesta situaci\u00f3 des dels m\u00e9s joves. Les aules de les escoles han de ser l&#8217;espai on formar en sostenibilitat, en transformaci\u00f3 ecosocial.<\/p>\n<p>L&#8217;individu, el ciutad\u00e0, \u00e9s la clau de l&#8217;evoluci\u00f3 i, des de l&#8217;educaci\u00f3, es poden aconseguir societats m\u00e9s sostenibles, m\u00e9s justes, m\u00e9s democr\u00e0tiques i m\u00e9s circulars.<\/p>\n","protected":false},"excerpt":{"rendered":"<p>Coincidirem tots que els canvis socials es consoliden en l&#8217;educaci\u00f3. Les societats amb millor educaci\u00f3 s\u00f3n les m\u00e9s avan\u00e7ades i, si optem per transformar el model d&#8217;economia actual, lineal, per un basat en l&#8217;economia circular, ser\u00e0 clau passar per les aules dels col\u00b7legis i educar a les futures generacions en aquests termes. El nostre protagonista [&hellip;]<\/p>\n","protected":false},"author":3,"featured_media":4248,"comment_status":"open","ping_status":"open","sticky":false,"template":"","format":"standard","meta":{"footnotes":""},"categories":[184],"tags":[],"class_list":["post-4265","post","type-post","status-publish","format-standard","has-post-thumbnail","hentry","category-podcast-ca-blogcom-ca"],"_links":{"self":[{"href":"https:\/\/encircular.es\/ca\/wp-json\/wp\/v2\/posts\/4265\/"}],"collection":[{"href":"https:\/\/encircular.es\/ca\/wp-json\/wp\/v2\/posts\/"}],"about":[{"href":"https:\/\/encircular.es\/ca\/wp-json\/wp\/v2\/types\/post\/"}],"author":[{"embeddable":true,"href":"https:\/\/encircular.es\/ca\/wp-json\/wp\/v2\/users\/3\/"}],"replies":[{"embeddable":true,"href":"https:\/\/encircular.es\/ca\/wp-json\/wp\/v2\/comments\/?post=4265"}],"version-history":[{"count":3,"href":"https:\/\/encircular.es\/ca\/wp-json\/wp\/v2\/posts\/4265\/revisions\/"}],"predecessor-version":[{"id":4272,"href":"https:\/\/encircular.es\/ca\/wp-json\/wp\/v2\/posts\/4265\/revisions\/4272\/"}],"wp:featuredmedia":[{"embeddable":true,"href":"https:\/\/encircular.es\/ca\/wp-json\/wp\/v2\/media\/4248\/"}],"wp:attachment":[{"href":"https:\/\/encircular.es\/ca\/wp-json\/wp\/v2\/media\/?parent=4265"}],"wp:term":[{"taxonomy":"category","embeddable":true,"href":"https:\/\/encircular.es\/ca\/wp-json\/wp\/v2\/categories\/?post=4265"},{"taxonomy":"post_tag","embeddable":true,"href":"https:\/\/encircular.es\/ca\/wp-json\/wp\/v2\/tags\/?post=4265"}],"curies":[{"name":"wp","href":"https:\/\/api.w.org\/{rel}","templated":true}]}}