{"id":4375,"date":"2021-03-17T11:31:20","date_gmt":"2021-03-17T10:31:20","guid":{"rendered":"https:\/\/encircular.es\/especializacion-en-circular-el-diseno-como-amplificador-de-la-conciencia-ambiental\/"},"modified":"2022-03-18T11:59:16","modified_gmt":"2022-03-18T10:59:16","slug":"especializacion-en-circular-el-diseno-como-amplificador-de-la-conciencia-ambiental","status":"publish","type":"post","link":"https:\/\/encircular.es\/ca\/especializacion-en-circular-el-diseno-como-amplificador-de-la-conciencia-ambiental\/","title":{"rendered":"\u2018Especialitzaci\u00f3 en circular\u2019. El disseny com a amplificador de la consci\u00e8ncia ambiental"},"content":{"rendered":"<p><em>Carlos San Jos\u00e9, dissenyador industrial especialitzat en cocreaci\u00f3n estrat\u00e8gica, \u00e9s fundador i director de Circular Design Factory, empresa especialitzada en ecodisseny i economia circular, que desenvolupa solucions concretes (configuraci\u00f3 formal i funcional, materials, tecnologies de fabricaci\u00f3 i acabats\u2026) per a aconseguir productes amb menor impacte negatiu en el medi ambient i que permeten incrementar la competitivitat dels seus clients. Carlos San Jos\u00e9 va participar en la primera edici\u00f3 de \u2018Economia EnCircular Open Week\u2019.<\/em><\/p>\n<p>Actualment, entre el 8,6% i el 9% de l&#8217;economia mundial \u00e9s circular. \u00c9s un percentatge baix, per\u00f2, sent baix sobre el total de l&#8217;economia, pot constituir una bona base, t\u00e9 ja una certa introducci\u00f3, que unida a la tend\u00e8ncia a l&#8217;al\u00e7a en conscienciaci\u00f3 i implementaci\u00f3 m&#8217;animen a ser optimista.<\/p>\n<p>El 22 d&#8217;agost va ser, en 2020, el dia de l&#8217;esgotament dels recursos que la naturalesa \u00e9s capa\u00e7 de regenerar cada any. Cada any es va avan\u00e7ant. Amb la pand\u00e8mia, s&#8217;ha retardat una mica; si no estigu\u00e9rem en aquesta situaci\u00f3 de crisi, s&#8217;hauria situat al juny.<\/p>\n<p>Cada vegada m\u00e9s indicadors demostren que realment tenim un problema existencial, d&#8217;insostenibilitat en el consum de recursos i impactes en el medi ambient. Existeix una preocupaci\u00f3 i voluntat real, en diferents rangs i amb diferents responsabilitats, per part de governs, empreses i organismes multinacionals. Des de l&#8217;ONU als diferents cims sobre el canvi clim\u00e0tic, plans i directives de la UE (Green *Deal, plans d&#8217;economia circular,\u2026), llei de residus, estrat\u00e8gies de reducci\u00f3 d&#8217;\u00fas de pl\u00e0stics,\u2026 Som conscients que hem de canviar la manera de fer les coses, introduir el m\u00e9s r\u00e0pid possible noves t\u00e0ctiques i noves maneres d&#8217;entendre el nostre dia a dia. Europa vol ser primer continent clim\u00e0ticament neutre; \u00e9s un objectiu molt ambici\u00f3s que exigeix el comprom\u00eds de tots els agents implicats.<\/p>\n<p>&nbsp;<\/p>\n<p><iframe loading=\"lazy\" src=\"https:\/\/www.youtube.com\/embed\/YF-2fKZseDc\" width=\"903\" height=\"508\" frameborder=\"0\" allowfullscreen=\"allowfullscreen\"><\/iframe><\/p>\n<p>&nbsp;<\/p>\n<p>Tots hem de ser conscients que qualsevol actuaci\u00f3 comporta conseq\u00fc\u00e8ncies en sostenibilitat econ\u00f2mica, social i mediambiental. I que \u00e9s dif\u00edcil avan\u00e7ar en una sense afectar la resta. Tothom pot ser circular. L&#8217;impacte o abast no ser\u00e0 el mateix segons siga el meu dia a dia o a qu\u00e8 em dedique, per\u00f2 hi ha molts gestos diaris, molts moments, en els quals podem aplicar regles molt senzilles per a poder ser circular. Moltes de les iniciatives parteixen del propi ciutad\u00e0, que, de manera particular o associativa, est\u00e0 marcant camins de canvi. Algunes d&#8217;abast m\u00e9s modest i altres extrapolables a pol\u00edtiques de pimes i grans empreses.<\/p>\n<p>Els exemples als quals tenim acc\u00e9s ens diuen, des de diferents \u00e0mbits, que ja est\u00e0 canviant la manera de produir i d&#8217;afrontar la nostra activitat. Per exemple, la major gestora de fons del m\u00f3n, BlackRock, ja exigeix que qualsevol inversi\u00f3 complisca criteris de sostenibilitat, i les grans empreses, les grans marques, estan anunciant mesures per a reduir el seu impacte ambiental.<\/p>\n<p><strong>La suma de xicotetes accions<\/strong><\/p>\n<p>Hem de ser conscients que, moltes vegades, \u00e9s dif\u00edcil canviar la cultura, les din\u00e0miques, la maquin\u00e0ria\u2026 \u00c9s possible avan\u00e7ar com m\u00e9s de pressa millor tenint la visi\u00f3 de cap a on volem arribar, per\u00f2 hem d&#8217;anar implementant xicotetes millores que s\u00f3n de f\u00e0cil aplicaci\u00f3 i que sumades a actuacions d&#8217;un altre sentit realment faran el canvi.<\/p>\n<p>En aquest sentit, destaquem el paper clau del disseny. Gran part dels impactes de l&#8217;activitat econ\u00f2mica de l&#8217;home s&#8217;haurien evitat si ens hagu\u00e9rem parat en la concepci\u00f3. Amb coneixement t\u00e8cnic, de materials, design thinking,\u2026 aproximacions i eines que apliquen la majoria de dissenyadors que ixen de les escoles i desenvolupen el seu treball en diferents \u00e0mbits. \u00c9s una oportunitat fant\u00e0stica de col\u00b7laborar al fet que el planeta puga ser m\u00e9s sostenible, amb solucions que permeten una reducci\u00f3 del consum de recursos, d&#8217;impactes, d&#8217;emissions, generaci\u00f3 d&#8217;ocupaci\u00f3 local (pensar des del pr\u00f2xim, el pr\u00f2xim, parlant de mat\u00e8ries primeres, energia i cicle de vida complet).<\/p>\n<p>Quan parlem de sostenibilitat ambiental vinculada al disseny, hi ha \u00e0rees que exigeixen coneixement espec\u00edfic. Des del moment en qu\u00e8 comencem a pensar com ser\u00e0 un producte, necessitem incorporar par\u00e0metres o estrat\u00e8gies en aqueix sentit.<\/p>\n<p>Fa unes setmanes es va presentar el Pla de Recuperaci\u00f3, Transformaci\u00f3 i Resili\u00e8ncia a Espanya -entre els eixos principals de la qual, est\u00e0 la transici\u00f3 ecol\u00f2gica- i el 70% de directors executius d&#8217;empreses creu que demostrar el comprom\u00eds social i mediambiental \u00e9s un factor de compet\u00e8ncia. En molts projectes d&#8217;economia circular, s&#8217;aconsegueixen estalvis econ\u00f2mics, fins i tot, una font addicional d&#8217;ingressos. Els resultats en termes de visibilitat, reputaci\u00f3, reconeixement de marca, acc\u00e9s a mercats i a finan\u00e7ament\u2026s\u00f3n factors motivadors m\u00e9s que suficients com per a comen\u00e7ar, el que encara no ho haja fet, aquest recorregut.<\/p>\n<p><strong>Avaluar per a millorar<\/strong><\/p>\n<p>Compaginar grans revolucions, m\u00e9s costoses a tots els nivells, amb xicotetes revolucions, xicotetes iniciatives, que permeten aqueixa l\u00ednia de progressi\u00f3, sempre suposar\u00e0 un major reconeixement que l&#8217;actitud d&#8217;aquella empresa o instituci\u00f3 que seguisca estancada en par\u00e0metres d&#8217;economia cl\u00e0ssics, associada a impactes de dif\u00edcil recuperaci\u00f3.<\/p>\n<p>Existeixen ja diferents eines per a con\u00e9ixer l&#8217;impacte ambiental del producte que estem dissenyant. Fa falta con\u00e9ixer totes les etapes del cicle de vida: on hi ha possibilitat de millora i prioritzar els projectes a posar en marxa, incorporant la variable mediambiental. Trobar maneres de reduir els impactes, de fer les coses millor i fer-ho de la m\u00e0 dels professionals del disseny, que poden ajudar a introduir aqueixa manera creativa, funcional i emocional d&#8217;abordar els projectes.<\/p>\n<p>&nbsp;<\/p>\n<p><em>*La primera edici\u00f3 de \u2018Economia EnCircular Open Week\u2019 es va celebrar del 10 al 13 de novembre de 2020, a Val\u00e8ncia. La trobada, organitzat per l&#8217;Associaci\u00f3 de Dissenyadors de la Comunitat Valenciana (ADCV), amb suport de l&#8217;Ag\u00e8ncia Valenciana de la Innovaci\u00f3 (AVI), va reunir experts nacionals i internacionals i empreses que estan integrant models de negoci, estrat\u00e8gies i solucions basades en l&#8217;economia en circular. <a href=\"https:\/\/www.youtube.com\/channel\/UCoHtb3lGdn5oD5BGbzfIUGg\" target=\"_blank\" rel=\"noopener noreferrer\">Pots accedir a totes les presentacions i entrevistes punxant ac\u00ed.<\/a><\/em><\/p>\n","protected":false},"excerpt":{"rendered":"<p>Carlos San Jos\u00e9, dissenyador industrial especialitzat en cocreaci\u00f3n estrat\u00e8gica, \u00e9s fundador i director de Circular Design Factory, empresa especialitzada en ecodisseny i economia circular, que desenvolupa solucions concretes (configuraci\u00f3 formal i funcional, materials, tecnologies de fabricaci\u00f3 i acabats\u2026) per a aconseguir productes amb menor impacte negatiu en el medi ambient i que permeten incrementar la [&hellip;]<\/p>\n","protected":false},"author":3,"featured_media":3286,"comment_status":"open","ping_status":"open","sticky":false,"template":"","format":"standard","meta":{"footnotes":""},"categories":[275],"tags":[116,196],"class_list":["post-4375","post","type-post","status-publish","format-standard","has-post-thumbnail","hentry","category-open-week-ca-2","tag-economia-circular-ca","tag-creatividad-ca"],"_links":{"self":[{"href":"https:\/\/encircular.es\/ca\/wp-json\/wp\/v2\/posts\/4375\/"}],"collection":[{"href":"https:\/\/encircular.es\/ca\/wp-json\/wp\/v2\/posts\/"}],"about":[{"href":"https:\/\/encircular.es\/ca\/wp-json\/wp\/v2\/types\/post\/"}],"author":[{"embeddable":true,"href":"https:\/\/encircular.es\/ca\/wp-json\/wp\/v2\/users\/3\/"}],"replies":[{"embeddable":true,"href":"https:\/\/encircular.es\/ca\/wp-json\/wp\/v2\/comments\/?post=4375"}],"version-history":[{"count":2,"href":"https:\/\/encircular.es\/ca\/wp-json\/wp\/v2\/posts\/4375\/revisions\/"}],"predecessor-version":[{"id":4378,"href":"https:\/\/encircular.es\/ca\/wp-json\/wp\/v2\/posts\/4375\/revisions\/4378\/"}],"wp:featuredmedia":[{"embeddable":true,"href":"https:\/\/encircular.es\/ca\/wp-json\/wp\/v2\/media\/3286\/"}],"wp:attachment":[{"href":"https:\/\/encircular.es\/ca\/wp-json\/wp\/v2\/media\/?parent=4375"}],"wp:term":[{"taxonomy":"category","embeddable":true,"href":"https:\/\/encircular.es\/ca\/wp-json\/wp\/v2\/categories\/?post=4375"},{"taxonomy":"post_tag","embeddable":true,"href":"https:\/\/encircular.es\/ca\/wp-json\/wp\/v2\/tags\/?post=4375"}],"curies":[{"name":"wp","href":"https:\/\/api.w.org\/{rel}","templated":true}]}}