{"id":4871,"date":"2021-03-25T17:15:05","date_gmt":"2021-03-25T16:15:05","guid":{"rendered":"https:\/\/encircular.es\/la-adcv-representante-del-circular-economy-club-en-valencia\/"},"modified":"2022-03-18T11:59:16","modified_gmt":"2022-03-18T10:59:16","slug":"la-adcv-representante-del-circular-economy-club-en-valencia","status":"publish","type":"post","link":"https:\/\/encircular.es\/ca\/la-adcv-representante-del-circular-economy-club-en-valencia\/","title":{"rendered":"La ADCV, representant del Circular Economy Club a Val\u00e8ncia"},"content":{"rendered":"<p>L&#8217;Associaci\u00f3 de Dissenyadors de la Comunitat Valenciana (ADCV) \u00e9s l&#8217;entitat representant a Val\u00e8ncia del Circular Economy Club, una xarxa internacional sense \u00e0nim de lucre integrada per m\u00e9s de 6.000 membres de 140 pa\u00efsos. Creada en 2012, el seu objectiu principal \u00e9s posar en contacte a agents de tot el m\u00f3n compromesos i implicats en el desenvolupament d&#8217;un model econ\u00f2mic en circular, difonent i incentivant bones pr\u00e0ctiques i projectes en aquesta mat\u00e8ria.<\/p>\n<p>&#8220;La labor dels representants locals del CEC \u00e9s impulsar i donar suport a les aliances entre agents del territori que participen en el canvi de model, aix\u00ed com liderar i promoure la creaci\u00f3 i implementaci\u00f3 d&#8217;iniciatives i projectes entorn de l&#8217;economia circular&#8221;, explica Mar\u00eda Navarro, gerent de la ADCV i portaveu del Circular Economy Club a Val\u00e8ncia.<\/p>\n<p>La designaci\u00f3 de la ADCV com CEC City Organizer se secunda -i \u00e9s un reconeixement- en la l\u00ednia de treball que ha desenvolupat l&#8217;Associaci\u00f3 de Dissenyadors de la Comunitat Valenciana en l&#8217;\u00e0mbit de l&#8217;economia circular en els \u00faltims exercicis, per a posar en valor el paper del disseny com un dels principals impulsors en la transformaci\u00f3 dels models de negoci cap a la circularitat, sobre la base de la innovaci\u00f3 i la creativitat. En aquest context, l&#8217;associaci\u00f3 -que reuneix m\u00e9s de 200 membres- ha posat en marxa diferents iniciatives i projectes, en gran part, amb suport directe de l&#8217;Ag\u00e8ncia Valenciana de la Innovaci\u00f3 (AVI).<\/p>\n<p><strong>EnCircular, plataforma referent a nivell nacional<\/strong><\/p>\n<p>Aquest paper de lideratge en economia circular en la Comunitat Valenciana t\u00e9 el seu m\u00e0xim exponent en la plataforma en l\u00ednia EnCircular. Operativa des de novembre de 2020, s&#8217;ha convertit, en solo uns mesos, en referent en aquesta mat\u00e8ria a la regi\u00f3 i fora d&#8217;ella. El seu enfocament i la seua proposta de valor han centrat l&#8217;inter\u00e9s d&#8217;organitzacions professionals i empresarials d&#8217;altres comunitats aut\u00f2nomes, que estan treballant per a replicar el model, adaptant-lo als seus respectius contextos.<\/p>\n<p>EnCircular cerca l&#8217;equilibri entre la labor de formaci\u00f3 i divulgaci\u00f3, de connexi\u00f3 entre els qui treballen o volen treballar en l&#8217;\u00e0mbit de l&#8217;economia circular i de facilitador d&#8217;eines pr\u00e0ctiques per a empreses i professionals que afronten aquesta evoluci\u00f3. Entre altres serveis, proporciona acc\u00e9s a informaci\u00f3 i coneixement sobre tend\u00e8ncies, normatives, projectes, programes i experi\u00e8ncies d&#8217;\u00e8xit en l&#8217;\u00e0mbit de l&#8217;economia circular; recursos i eines per a facilitar la seua aplicaci\u00f3 pr\u00e0ctica; permet localitzar i contactar amb els agents (p\u00fablics i privats) que estan treballant en les seues diferents \u00e0rees, a trav\u00e9s d&#8217;un mapa digital interactiu, i d\u00f3na visibilitat organitzacions, empreses i institucions valencianes que estan desenvolupant projectes concrets innovadors entorn de l&#8217;economia circular.<\/p>\n<p>En aquest sentit, EnCircular ha habilitat un formulari obert a totes aquelles organitzacions, p\u00fabliques i privades, que vulguen compartir les seues iniciatives, bones pr\u00e0ctiques i projectes disruptius, perqu\u00e8 altres agents puguen prendre&#8217;ls com a refer\u00e8ncia o inspiraci\u00f3 en les seues respectives entitats o entorns d&#8217;investigaci\u00f3. Aquest document \u00e9s accessible en https:\/\/encircular.es\/iniciativa\/<\/p>\n<p>Aquesta plataforma en l\u00ednia s&#8217;ha desenvolupat amb suport de l&#8217;Ag\u00e8ncia Valenciana de la Innovaci\u00f3 (AVI).<\/p>\n<p><strong>Organitzacions m\u00e9s innovadores, eficients i sostenibles<\/strong><\/p>\n<p>La Comunitat Valenciana reuneix, a priori, tots els requisits per a liderar i convertir-se en referent quant a implantaci\u00f3 d&#8217;un nou model constru\u00eft sobre els principis de l&#8217;economia en circular, que permetr\u00e0 a les empreses de la regi\u00f3 guanyar en efici\u00e8ncia, innovaci\u00f3 i competitivitat i ser m\u00e9s sostenibles.<\/p>\n<p>Entre altres solucions, l&#8217;economia en circular aporta f\u00f3rmules per a prolongar la vida econ\u00f2mica \u00fatil dels materials i els productes, prop\u00edcia la reparaci\u00f3 i reutilitzaci\u00f3 dels b\u00e9ns de consum, introdueix h\u00e0bits alternatius, com l&#8217;\u00fas compartit, redueix al m\u00ednim la generaci\u00f3 de residus, estudia com aprofitar al m\u00e0xim els que s&#8217;han produ\u00eft i pot\u00e8ncia l&#8217;\u00fas d&#8217;energies renovables.<\/p>\n<p>&#8220;Els projectes en els quals s&#8217;aplica un disseny circular s\u00f3n m\u00e9s innovadors, minimitzen els seus impactes negatius en el medi ambient i reforcen els positius, a m\u00e9s de complir amb la resta de requisits t\u00e8cnics, econ\u00f2mics, normatius i de funcionament. Tot aix\u00f2, sense oblidar la seua funcionalitat en termes de transmissi\u00f3 d&#8217;informaci\u00f3 i adaptaci\u00f3 als nous h\u00e0bits de consum i qualitat en l&#8217;experi\u00e8ncia de l&#8217;usuari, imprescindibles per a garantir el seu \u00e8xit. Per tot aix\u00f2, el disseny ha de situar-se en el centre de les estrat\u00e8gies d&#8217;economia circular&#8221;, subratlla Mar\u00eda Navarro, gerent de la ADCV i portaveu del Circular Economy Club a Val\u00e8ncia.<\/p>\n","protected":false},"excerpt":{"rendered":"<p>L&#8217;Associaci\u00f3 de Dissenyadors de la Comunitat Valenciana (ADCV) \u00e9s l&#8217;entitat representant a Val\u00e8ncia del Circular Economy Club, una xarxa internacional sense \u00e0nim de lucre integrada per m\u00e9s de 6.000 membres de 140 pa\u00efsos. Creada en 2012, el seu objectiu principal \u00e9s posar en contacte a agents de tot el m\u00f3n compromesos i implicats en el [&hellip;]<\/p>\n","protected":false},"author":3,"featured_media":4431,"comment_status":"open","ping_status":"open","sticky":false,"template":"","format":"standard","meta":{"footnotes":""},"categories":[277],"tags":[116,122],"class_list":["post-4871","post","type-post","status-publish","format-standard","has-post-thumbnail","hentry","category-al-dia-ca","tag-economia-circular-ca","tag-sostenibilidad-ca"],"_links":{"self":[{"href":"https:\/\/encircular.es\/ca\/wp-json\/wp\/v2\/posts\/4871\/"}],"collection":[{"href":"https:\/\/encircular.es\/ca\/wp-json\/wp\/v2\/posts\/"}],"about":[{"href":"https:\/\/encircular.es\/ca\/wp-json\/wp\/v2\/types\/post\/"}],"author":[{"embeddable":true,"href":"https:\/\/encircular.es\/ca\/wp-json\/wp\/v2\/users\/3\/"}],"replies":[{"embeddable":true,"href":"https:\/\/encircular.es\/ca\/wp-json\/wp\/v2\/comments\/?post=4871"}],"version-history":[{"count":2,"href":"https:\/\/encircular.es\/ca\/wp-json\/wp\/v2\/posts\/4871\/revisions\/"}],"predecessor-version":[{"id":4874,"href":"https:\/\/encircular.es\/ca\/wp-json\/wp\/v2\/posts\/4871\/revisions\/4874\/"}],"wp:featuredmedia":[{"embeddable":true,"href":"https:\/\/encircular.es\/ca\/wp-json\/wp\/v2\/media\/4431\/"}],"wp:attachment":[{"href":"https:\/\/encircular.es\/ca\/wp-json\/wp\/v2\/media\/?parent=4871"}],"wp:term":[{"taxonomy":"category","embeddable":true,"href":"https:\/\/encircular.es\/ca\/wp-json\/wp\/v2\/categories\/?post=4871"},{"taxonomy":"post_tag","embeddable":true,"href":"https:\/\/encircular.es\/ca\/wp-json\/wp\/v2\/tags\/?post=4871"}],"curies":[{"name":"wp","href":"https:\/\/api.w.org\/{rel}","templated":true}]}}