{"id":5253,"date":"2021-10-28T13:48:49","date_gmt":"2021-10-28T11:48:49","guid":{"rendered":"https:\/\/encircular.es\/encircular-lanza-un-estudio-para-conocer-la-implantacion-real-de-la-economia-circular-en-la-empresa-valenciana\/"},"modified":"2022-03-18T11:59:12","modified_gmt":"2022-03-18T10:59:12","slug":"encircular-lanza-un-estudio-para-conocer-la-implantacion-real-de-la-economia-circular-en-la-empresa-valenciana","status":"publish","type":"post","link":"https:\/\/encircular.es\/ca\/encircular-lanza-un-estudio-para-conocer-la-implantacion-real-de-la-economia-circular-en-la-empresa-valenciana\/","title":{"rendered":"EnCircular llan\u00e7a un estudi per a con\u00e9ixer la implantaci\u00f3 real de l&#8217;economia circular en l&#8217;empresa"},"content":{"rendered":"<p>EnCircular, plataforma d&#8217;economia circular de la Comunitat Valenciana desenvolupada per la ADCV amb suport de l&#8217;Ag\u00e8ncia Val\u00e8nciana de la Innovaci\u00f3 (AVI), ha posat en marxa un estudi que t\u00e9 com a objectiu con\u00e9ixer quin \u00e9s el grau de coneixement i d&#8217;integraci\u00f3 real d&#8217;estrat\u00e8gies i accions vinculades a l&#8217;economia circular en el teixit empresarial de la Comunitat Valenciana.<\/p>\n<p>La fase d&#8217;investigaci\u00f3 s&#8217;est\u00e0 executant amb la col\u00b7laboraci\u00f3 de la consultora especialitzada GfK, que dur\u00e0 a terme 450 enquestes a una mostra representativa de companyies pertanyents als principals sectors industrials, comer\u00e7, serveis i turisme de la regi\u00f3.<\/p>\n<p>Els resultats d&#8217;aquest primer estudi de EnCircular permetran comptar amb una base d&#8217;informaci\u00f3 real sobre la qual definir plans i estrat\u00e8gies d&#8217;innovaci\u00f3 per a avan\u00e7ar en models m\u00e9s sostenibles. Per a aconseguir-ho, els resultats estaran a la disposici\u00f3 de tots els agents implicats en aquesta evoluci\u00f3, des de les Administracions P\u00fabliques, a entitats acad\u00e8miques i d&#8217;investigaci\u00f3, organitzacions i associacions empresarials i del Tercer Sector, companyies i ciutadania.<\/p>\n<p>En l\u00ednia amb aquest enfocament, l&#8217;enquesta empresarial recull una visi\u00f3 global de l&#8217;economia circular, des de la definici\u00f3 d&#8217;estrat\u00e8gies corporatives a la de productes i serveis; la cadena de subministrament de mat\u00e8ries primeres, aigua i energia; la producci\u00f3; la distribuci\u00f3; reciclatge, reparaci\u00f3, reutilitzaci\u00f3 i recuperaci\u00f3; la implicaci\u00f3 de les persones consumidores; el paper del disseny en la innovaci\u00f3, o el grau de coneixement i utilitzaci\u00f3 de sistemes p\u00fablics de suport a l&#8217;economia circular.<\/p>\n<p><strong>Comprom\u00eds amb el desenvolupament sostenible<\/strong><\/p>\n<p>EnCircular aborda amb aquest projecte un dels seus objectius fundacionals estrat\u00e8gics: generar coneixement propi vinculat a l&#8217;economia circular per a refor\u00e7ar el sistema innovador de la Comunitat Valenciana. Per a aquest estudi s&#8217;ha comptat amb la col\u00b7laboraci\u00f3 dels experts en sostenibilitat Elena Galante i Arturo Jim\u00e9nez.<\/p>\n<p>&nbsp;<\/p>\n<p><img loading=\"lazy\" decoding=\"async\" class=\"alignnone size-full wp-image-5205\" src=\"https:\/\/encircular.es\/wp-content\/uploads\/2021\/10\/Diseno-sin-titulo-4222222.png\" alt=\"\" width=\"1564\" height=\"623\" srcset=\"https:\/\/encircular.es\/wp-content\/uploads\/2021\/10\/Diseno-sin-titulo-4222222.png 1564w, https:\/\/encircular.es\/wp-content\/uploads\/2021\/10\/Diseno-sin-titulo-4222222-300x120.png 300w, https:\/\/encircular.es\/wp-content\/uploads\/2021\/10\/Diseno-sin-titulo-4222222-1024x408.png 1024w, https:\/\/encircular.es\/wp-content\/uploads\/2021\/10\/Diseno-sin-titulo-4222222-768x306.png 768w, https:\/\/encircular.es\/wp-content\/uploads\/2021\/10\/Diseno-sin-titulo-4222222-1536x612.png 1536w\" sizes=\"auto, (max-width: 1564px) 100vw, 1564px\" \/><\/p>\n<p>&nbsp;<\/p>\n<p>\u201cLa ADCV est\u00e0 compromesa amb l&#8217;evoluci\u00f3 cap a la circularitat perqu\u00e8 el disseny \u00e9s el principal impulsor per a integrar-la en les nostres formes de vida i en les estrat\u00e8gies i activitat de les nostres empreses. Est\u00e0 demostrat que els projectes en els quals s&#8217;aplica un disseny circular s\u00f3n m\u00e9s innovadors, m\u00e9s eficients, minimitzen els seus impactes negatius i reforcen els positius, aspectes que es tradueixen en competitivitat, sostenibilitat i qualitat de vida per a totes les persones. Per aix\u00f2, les estrat\u00e8gies d&#8217;economia circular, p\u00fabliques i privades, haurien de comptar amb el disseny des dels primers plantejaments, per a assegurar, aix\u00ed, un desenvolupament reeixit\u201d, subratlla Mar\u00eda Navarro, gerent de l&#8217;associaci\u00f3 i responsable de EnCircular.<\/p>\n<p><strong>Incorporaci\u00f3 de noves funcionalitats<\/strong><\/p>\n<p>La plataforma EnCircular va n\u00e0ixer, al novembre de 2020, com a espai de trobada entre tots els agents compromesos en l&#8217;evoluci\u00f3 cap a models socials i econ\u00f2mics m\u00e9s sostenibles. Proporciona acc\u00e9s a informaci\u00f3 i coneixement sobre tend\u00e8ncies, normatives, projectes, programes i experi\u00e8ncies d&#8217;\u00e8xit en economia circular; recursos i eines per a facilitar la seua aplicaci\u00f3 pr\u00e0ctica; permet localitzar i contactar amb els agents (p\u00fablics i privats) que treballen en les seues diferents \u00e0rees, a trav\u00e9s d&#8217;un mapa digital interactiu, i d\u00f3na visibilitat a organitzacions, empreses i institucions que estan desenvolupant projectes concrets innovadors entorn de l&#8217;economia circular.<\/p>\n<p>Aquest enfocament inclusiu i basat en la col\u00b7laboraci\u00f3 ha propiciat que, en solo uns mesos, siga un referent en l&#8217;\u00e0mbit d&#8217;economia circular, a nivell nacional i internacional. A Espanya, organitzacions professionals i empresarials d&#8217;altres regions estan treballant per a replicar el model, adaptant-lo als seus contextos.<\/p>\n<p>Quant a la projecci\u00f3 exterior, EnCircular \u00e9s un dels projectes que ha portat a la ADCV a ser la representant a Val\u00e8ncia del Circular Economy Club, xarxa internacional sense \u00e0nim de lucre integrada per m\u00e9s de 6.000 membres de 140 pa\u00efsos, aix\u00ed com a ser nomenada partner oficial de la New European Bauhaus.<\/p>\n<p>EnCircular incorporar\u00e0 en breu noves funcionalitats. Entre els seus serveis ja actius, t\u00e9 habilitat un formulari obert a totes aquelles organitzacions que vulguen compartir les seues iniciatives, bones pr\u00e0ctiques i projectes disruptius, perqu\u00e8 altres agents puguen prendre&#8217;ls com a refer\u00e8ncia o inspiraci\u00f3 en les seues respectives entitats o entorns d&#8217;investigaci\u00f3. (<a href=\"https:\/\/encircular.es\/iniciativa\/\" target=\"_blank\" rel=\"noopener noreferrer\">Es pot accedir a ell, clickando ac\u00ed<\/a>).<\/p>\n","protected":false},"excerpt":{"rendered":"<p>EnCircular, plataforma d&#8217;economia circular de la Comunitat Valenciana desenvolupada per la ADCV amb suport de l&#8217;Ag\u00e8ncia Val\u00e8nciana de la Innovaci\u00f3 (AVI), ha posat en marxa un estudi que t\u00e9 com a objectiu con\u00e9ixer quin \u00e9s el grau de coneixement i d&#8217;integraci\u00f3 real d&#8217;estrat\u00e8gies i accions vinculades a l&#8217;economia circular en el teixit empresarial de la [&hellip;]<\/p>\n","protected":false},"author":3,"featured_media":5210,"comment_status":"open","ping_status":"open","sticky":false,"template":"","format":"standard","meta":{"footnotes":""},"categories":[277],"tags":[],"class_list":["post-5253","post","type-post","status-publish","format-standard","has-post-thumbnail","hentry","category-al-dia-ca"],"_links":{"self":[{"href":"https:\/\/encircular.es\/ca\/wp-json\/wp\/v2\/posts\/5253\/"}],"collection":[{"href":"https:\/\/encircular.es\/ca\/wp-json\/wp\/v2\/posts\/"}],"about":[{"href":"https:\/\/encircular.es\/ca\/wp-json\/wp\/v2\/types\/post\/"}],"author":[{"embeddable":true,"href":"https:\/\/encircular.es\/ca\/wp-json\/wp\/v2\/users\/3\/"}],"replies":[{"embeddable":true,"href":"https:\/\/encircular.es\/ca\/wp-json\/wp\/v2\/comments\/?post=5253"}],"version-history":[{"count":2,"href":"https:\/\/encircular.es\/ca\/wp-json\/wp\/v2\/posts\/5253\/revisions\/"}],"predecessor-version":[{"id":5256,"href":"https:\/\/encircular.es\/ca\/wp-json\/wp\/v2\/posts\/5253\/revisions\/5256\/"}],"wp:featuredmedia":[{"embeddable":true,"href":"https:\/\/encircular.es\/ca\/wp-json\/wp\/v2\/media\/5210\/"}],"wp:attachment":[{"href":"https:\/\/encircular.es\/ca\/wp-json\/wp\/v2\/media\/?parent=5253"}],"wp:term":[{"taxonomy":"category","embeddable":true,"href":"https:\/\/encircular.es\/ca\/wp-json\/wp\/v2\/categories\/?post=5253"},{"taxonomy":"post_tag","embeddable":true,"href":"https:\/\/encircular.es\/ca\/wp-json\/wp\/v2\/tags\/?post=5253"}],"curies":[{"name":"wp","href":"https:\/\/api.w.org\/{rel}","templated":true}]}}