{"id":7474,"date":"2023-09-28T09:30:38","date_gmt":"2023-09-28T07:30:38","guid":{"rendered":"https:\/\/encircular.es\/ano-8-de-los-ods-urgente-accion-coordinada-empresarial-y-publica-para-avanzar-en-las-metas\/"},"modified":"2024-02-24T18:42:33","modified_gmt":"2024-02-24T17:42:33","slug":"ano-8-de-los-ods-urgente-accion-coordinada-empresarial-y-publica-para-avanzar-en-las-metas","status":"publish","type":"post","link":"https:\/\/encircular.es\/ca\/ano-8-de-los-ods-urgente-accion-coordinada-empresarial-y-publica-para-avanzar-en-las-metas\/","title":{"rendered":"Any 8 dels ODS: Urgent acci\u00f3 coordinada empresarial i p\u00fablica per a avan\u00e7ar en les metes"},"content":{"rendered":"<p>El sector privat \u00e9s un actor fonamental en la consecuci\u00f3 dels ODS i, no obstant aix\u00f2, el progr\u00e9s actual \u00e9s millorable: Nom\u00e9s el 15% de les metes dels ODS estan encaminades cap al seu assoliment, el 48% mostre un progr\u00e9s feble i insuficient i el 37% est\u00e0 estancat o, fins i tot, retrocedit, segons l&#8217;informe &#8216;Global Private Sector Stocktake: a trav\u00e9s de la mirada del sector privat&#8217; del Pacte Mundial de l&#8217;ONU i Accenture.<\/p>\n<p>Per aix\u00f2, es necessita una acci\u00f3 empresarial col\u00b7laborativa i cre\u00efble recolzada pels responsables de la formulaci\u00f3 de pol\u00edtiques per a aconseguir els ODS en els quals el sector privat pot tindre el major impacte.<\/p>\n<p>Les conclusions d&#8217;aquest estudi es basen en una enquesta realitzada a m\u00e9s de 2.800 l\u00edders empresarials de tot el m\u00f3n. subratlla la necessitat que tenen les empreses d&#8217;accelerar per a aconseguir l&#8217;Agenda 2030. Aquest informe detalla l&#8217;impacte del sector privat en la consecuci\u00f3 dels Objectius de Desenvolupament Sostenible (ODS) fins a la data i presenta un cam\u00ed a seguir per a la segona meitat d&#8217;aquest per\u00edode (2023-2030).<\/p>\n<p>El sector privat assenyala tres pilars fonamentals per a aconseguir els ODS per a 2030: Expandir els beneficis del mercat per a aconseguir un impacte positiu en la societat; transformar la base del negoci per a aconseguir la sostenibilitat ambiental, i escalar nous incentius i redefinir en termes de risc i retorn de la inversi\u00f3.<\/p>\n<p><strong>P\u00e8rdua de confian\u00e7a<\/strong><\/p>\n<p>M\u00e9s del 94% dels l\u00edders empresarials consideren que els ODS representen una visi\u00f3 global unificadora i el 96% est\u00e0 d&#8217;acord que el sector privat juga un paper crucial en el seu assoliment.<\/p>\n<p>No obstant aix\u00f2, en alguns nivells s&#8217;observa una p\u00e8rdua de confian\u00e7a en la viabilitat d&#8217;aconseguir els ODS per a 2030. En 2022, el 92% dels CEOS consultats afirmen creure que el m\u00f3n aconseguiria els ODS per a 2030. No obstant aix\u00f2, en realitzar la mateixa pregunta a un p\u00fablic m\u00e9s ampli de l\u00edders empresarials de diferents nivells, nom\u00e9s la meitat (51%) creuen que s&#8217;aconseguiran els ODS per a 2030. Aquest canvi reflecteix la disminuci\u00f3 de l&#8217;atenci\u00f3 prestada als ODS a mesura que van sorgir altres desafiaments globals, com la inflaci\u00f3 i la inestabilitat geopol\u00edtica.<\/p>\n<p><img loading=\"lazy\" decoding=\"async\" class=\"alignnone size-full wp-image-7289\" src=\"https:\/\/encircular.es\/wp-content\/uploads\/2023\/09\/Diseno-sin-titulo-2023-09-28T092246.476.png\" alt=\"\" width=\"1600\" height=\"900\" srcset=\"https:\/\/encircular.es\/wp-content\/uploads\/2023\/09\/Diseno-sin-titulo-2023-09-28T092246.476.png 1600w, https:\/\/encircular.es\/wp-content\/uploads\/2023\/09\/Diseno-sin-titulo-2023-09-28T092246.476-300x169.png 300w, https:\/\/encircular.es\/wp-content\/uploads\/2023\/09\/Diseno-sin-titulo-2023-09-28T092246.476-1024x576.png 1024w, https:\/\/encircular.es\/wp-content\/uploads\/2023\/09\/Diseno-sin-titulo-2023-09-28T092246.476-768x432.png 768w, https:\/\/encircular.es\/wp-content\/uploads\/2023\/09\/Diseno-sin-titulo-2023-09-28T092246.476-1536x864.png 1536w\" sizes=\"auto, (max-width: 1600px) 100vw, 1600px\" \/><\/p>\n<p>\u201cLa inversi\u00f3 i innovaci\u00f3 del sector privat s\u00f3n essencials per a aconseguir els Objectius de Desenvolupament Sostenible\u00ab, afirma Sanda Ojiambo, CEO i directora executiva internacional del Pacte Mundial de les Nacions Unides. \u00abEncara que no existeix un enfocament \u00fanic per a totes, les empreses han d&#8217;intensificar les accions que poden tindre un impacte significatiu en les persones i el planeta, aix\u00ed com en els seus negocis. Aix\u00f2 els permetr\u00e0 comunicar efica\u00e7ment el seu acompliment, establir objectius i accions, interactuar amb les parts interessades, incloent-hi inversors, i accedir a noves oportunitats de mercat\u00bb.<\/p>\n<p>Un 95% dels l\u00edders empresarials assumeixen que el seu negoci impacta en els ODS i el 91% t\u00e9 un comprom\u00eds p\u00fablic amb un o m\u00e9s dels ODS. El 79% diu que han identificat un cas de negoci per a avan\u00e7ar en almenys un ODS, i el 78% ha modificat un producte o servei per a alinear-lo amb un ODS.<\/p>\n<p>Malgrat defensar les seues pr\u00f2pies contribucions respecte als ODS, els l\u00edders empresarials tenen menys confian\u00e7a en les contribucions del seu sector. El 81% de les empreses pensen que estan fent prou per a contribuir als ODS i el 62% pensa que el seu sector est\u00e0 fent prou per a contribuir als ODS.<\/p>\n<p>Respecte a l&#8217;impacte, aproximadament el 25% dels ingressos del sector privat estan alineats amb la millora de les condicions laborals i l&#8217;ocupaci\u00f3 decent. No obstant aix\u00f2, les inversions i activitats econ\u00f2miques del sector privat continuen sent insuficients respecte al clima (el 25% dels ingressos).<\/p>\n<p>Quant a les barreres per a poder contribuir als ODS, destaquen algunes c\u00edcliques, com la inflaci\u00f3 i les taxes d&#8217;inter\u00e9s, i altres estructurals, com la falta d&#8217;incentius o la gesti\u00f3 de les cadenes de subministrament.<\/p>\n<p><strong>Suport de les pol\u00edtiques i estrat\u00e8gies p\u00fabliques<\/strong><\/p>\n<p>Si b\u00e9 el sector privat est\u00e0 disposat a exercir un paper fonamental en la consecuci\u00f3 dels ODS, els l\u00edders empresarials tenen algunes demandes clares per als policy makers. En primer lloc, un 76% demanen coher\u00e8ncies en la divulgaci\u00f3 i presentaci\u00f3 d&#8217;informes de sostenibilitat, l&#8217;ajust del salari m\u00ednim nacional a nivells de salari digne (71%), la divulgaci\u00f3 obligat\u00f2ria de les bretxes salarials de g\u00e8nere (65%), el canvi de subsidis de combustibles f\u00f2ssils a energies renovables (68%) i l&#8217;exig\u00e8ncia d&#8217;emissions netes zero per a 2050 (62%). Aix\u00f2 garantiria que tant l&#8217;\u00e0mbit internacional com el nacional complisquen un mateix est\u00e0ndard global.<\/p>\n<p>A m\u00e9s, el 44% dels l\u00edders empresarials espera que els governs establisquen pol\u00edtiques d&#8217;incentius que els ajuden a integrar els ODS en les seues estrat\u00e8gies i operacions empresarials, assegurant igualtat de condicions entre les empreses. Tamb\u00e9, busquen orientaci\u00f3 sobre on i com concentrar esfor\u00e7os i criteris de mesurament i m\u00e8todes de c\u00e0lculs clars.<\/p>\n<p>Conjuntament, els l\u00edders tamb\u00e9 enfronten desafiaments estructurals significatius. El 84% d&#8217;ells esmenta la falta de recursos mesurament clars com a obstacle per a avan\u00e7ar, mentre que el 82% destaca l&#8217;acc\u00e9s limitat i la mala qualitat de les dades com a limitant per a mesurar la contribuci\u00f3 als ODS. D&#8217;aquesta manera, el 80% afirma que els insuficients incentius pol\u00edtics per a incorporar els ODS en l&#8217;estrat\u00e8gia empresarial estan obstaculitzant el progr\u00e9s. Aix\u00ed mateix, el 77% es preocupa per l&#8217;escassetat d&#8217;habilitats o el desajustament en la for\u00e7a laboral relacionats amb els ODS.<\/p>\n<p><em><strong><a href=\"https:\/\/www.pactomundial.org\/noticia\/balance-empresarial-a-mitad-de-la-agenda-2030-urge-mas-compromiso-con-los-ods\/\" target=\"_blank\" rel=\"noopener noreferrer\">Acc\u00e9s a l&#8217;informe &#8216;Global Private Sector Stocktake: a trav\u00e9s de la mirada del sector privat&#8217; del Pacte Mundial de l&#8217;ONU i Accenture.<\/a><\/strong><\/em><\/p>\n","protected":false},"excerpt":{"rendered":"<p>El sector privat \u00e9s un actor fonamental en la consecuci\u00f3 dels ODS i, no obstant aix\u00f2, el progr\u00e9s actual \u00e9s millorable: Nom\u00e9s el 15% de les metes dels ODS estan encaminades cap al seu assoliment, el 48% mostre un progr\u00e9s feble i insuficient i el 37% est\u00e0 estancat o, fins i tot, retrocedit, segons l&#8217;informe [&hellip;]<\/p>\n","protected":false},"author":3,"featured_media":7293,"comment_status":"closed","ping_status":"closed","sticky":false,"template":"","format":"standard","meta":{"footnotes":""},"categories":[123,277],"tags":[],"class_list":["post-7474","post","type-post","status-publish","format-standard","has-post-thumbnail","hentry","category-blogcom-ca","category-al-dia-ca"],"_links":{"self":[{"href":"https:\/\/encircular.es\/ca\/wp-json\/wp\/v2\/posts\/7474\/"}],"collection":[{"href":"https:\/\/encircular.es\/ca\/wp-json\/wp\/v2\/posts\/"}],"about":[{"href":"https:\/\/encircular.es\/ca\/wp-json\/wp\/v2\/types\/post\/"}],"author":[{"embeddable":true,"href":"https:\/\/encircular.es\/ca\/wp-json\/wp\/v2\/users\/3\/"}],"replies":[{"embeddable":true,"href":"https:\/\/encircular.es\/ca\/wp-json\/wp\/v2\/comments\/?post=7474"}],"version-history":[{"count":2,"href":"https:\/\/encircular.es\/ca\/wp-json\/wp\/v2\/posts\/7474\/revisions\/"}],"predecessor-version":[{"id":7656,"href":"https:\/\/encircular.es\/ca\/wp-json\/wp\/v2\/posts\/7474\/revisions\/7656\/"}],"wp:featuredmedia":[{"embeddable":true,"href":"https:\/\/encircular.es\/ca\/wp-json\/wp\/v2\/media\/7293\/"}],"wp:attachment":[{"href":"https:\/\/encircular.es\/ca\/wp-json\/wp\/v2\/media\/?parent=7474"}],"wp:term":[{"taxonomy":"category","embeddable":true,"href":"https:\/\/encircular.es\/ca\/wp-json\/wp\/v2\/categories\/?post=7474"},{"taxonomy":"post_tag","embeddable":true,"href":"https:\/\/encircular.es\/ca\/wp-json\/wp\/v2\/tags\/?post=7474"}],"curies":[{"name":"wp","href":"https:\/\/api.w.org\/{rel}","templated":true}]}}