{"id":7939,"date":"2024-04-30T12:43:54","date_gmt":"2024-04-30T10:43:54","guid":{"rendered":"https:\/\/encircular.es\/la-fundacion-biodiversidad-lanza-una-convocatoria-de-subvenciones-para-economia-circular-en-textil-y-calzado-por-975-millones\/"},"modified":"2024-05-29T09:39:45","modified_gmt":"2024-05-29T07:39:45","slug":"la-fundacion-biodiversidad-lanza-una-convocatoria-de-subvenciones-para-economia-circular-en-textil-y-calzado-por-975-millones","status":"publish","type":"post","link":"https:\/\/encircular.es\/ca\/la-fundacion-biodiversidad-lanza-una-convocatoria-de-subvenciones-para-economia-circular-en-textil-y-calzado-por-975-millones\/","title":{"rendered":"La Fundaci\u00f3n Biodiversidad llan\u00e7a una convocat\u00f2ria de subvencions per a economia circular en t\u00e8xtil i cal\u00e7at per 97,5 milions"},"content":{"rendered":"<p>La Fundaci\u00f3n Biodiversidad, dependent del Ministeri per a la Transici\u00f3 Ecol\u00f2gica i el Repte Demogr\u00e0fic (MITECO), ha llan\u00e7at una nova convocat\u00f2ria de subvencions per a l&#8217;impuls de l&#8217;economia circular en el sector del t\u00e8xtil, de la moda i la confecci\u00f3, i del cal\u00e7at, en el marc del del Pla de Recuperaci\u00f3, Transformaci\u00f3 i Resili\u00e8ncia (PRTR), finan\u00e7at per la Uni\u00f3 Europea &#8211; NextGenerationEU. La seua dotaci\u00f3 \u00e9s de 97,5 milions d&#8217;euros i permetr\u00e0 finan\u00e7ar les millors iniciatives seleccionades, amb imports que van des dels 100.000 euros fins a 10 milions per projecte i entitat benefici\u00e0ria.<\/p>\n<p>Aquesta convocat\u00f2ria cerca alinear-se amb l&#8217;Estrat\u00e8gia europea per a la circularitat i sostenibilitat dels productes t\u00e8xtils, i amb l&#8217;Estrat\u00e8gia Espanyola d&#8217;Economia Circular per a reduir la pres\u00e8ncia de subst\u00e0ncies perilloses en els teixits, evitar l&#8217;alliberament de micropl\u00e0stics, propiciar la durabilitat dels teixits, o fomentar la reutilitzaci\u00f3 i el reciclatge en cicles tancats, promovent models circulars.<\/p>\n<p>Aix\u00ed mateix, la convocat\u00f2ria inclou l&#8217;adquisici\u00f3 d&#8217;eines digitals amb el prop\u00f2sit de disminuir la generaci\u00f3 de residus pre-consum, des del prototipado fins a l&#8217;estoc mort, passant per retalls de tall, sobrants de producci\u00f3 i residus post-consum generats, per exemple, en les devolucions de la roba; tamb\u00e9 el foment de la fabricaci\u00f3 personalitzada per enc\u00e0rrec i, per tant, millorar l&#8217;efici\u00e8ncia dels processos industrials i reduir la petjada de carboni, h\u00eddrica i de materials d&#8217;aquest sector.<\/p>\n<p>En definitiva, la finalitat d&#8217;aquestes ajudes \u00e9s el foment de la sostenibilitat i circularitat dels processos industrials i empresarials per a millorar la competitivitat i la innovaci\u00f3 del t\u00e8xtil i la moda, en el marc d&#8217;una economia circular, que supere l&#8217;anterior model de producci\u00f3 lineal.<\/p>\n<p>El termini de presentaci\u00f3 de candidatures s&#8217;estendr\u00e0 fins al 10 de juny. Poden optar a aquestes ajudes les actuacions que, en els sectors del t\u00e8xtil i la moda i la confecci\u00f3 i del cal\u00e7at, redu\u00efsquen el consum de mat\u00e8ries primeres verges, disminu\u00efsquen la generaci\u00f3 de residus i\/o milloren la gesti\u00f3 dels mateixos contribuint de manera substancial a la transici\u00f3 cap a una economia circular en una de les seg\u00fcents categories: recerca i desenvolupament per a l&#8217;ecodisseny; digitalitzaci\u00f3 per a innovar en mat\u00e8ria de processos i organitzaci\u00f3; increment del nivell de protecci\u00f3 mediambiental de l&#8217;entitat benefici\u00e0ria receptora de l&#8217;ajuda; i\/o millora de la gesti\u00f3 de residus procedents de tercers.<\/p>\n<p>Est\u00e0 previst que la convocat\u00f2ria es resolga a la fi de 2024. Tots els projectes seleccionats hauran de concloure, com a m\u00e0xim, el 30 de juny de 2027.<\/p>\n<div id=\"traduccio\" class=\"texte\"><strong>Aposta per l&#8217;economia circular<\/strong><\/div>\n<p>L&#8217;Estrat\u00e8gia Espanyola d&#8217;Economia Circular (EEEC), Espanya Circular 2030, aprovada al juny de 2020, estableix les bases per a impulsar un nou model de producci\u00f3 i consum en el qual el valor de productes, materials i recursos es mantinguen en l&#8217;economia durant el major temps possible, en la qual es redu\u00efsquen al m\u00ednim l&#8217;extracci\u00f3 de recursos i la generaci\u00f3 de residus i s&#8217;aprofiten amb el major abast possible els que no es poden evitar.<\/p>\n<p>El Pla Estrat\u00e8gic per a la Recuperaci\u00f3, Transformaci\u00f3 i Resili\u00e8ncia en Economia Circular (PERTE EC), aprovat al maig de 2022 mitjan\u00e7ant l&#8217;Acord del Consell de Ministres, identifica el sector t\u00e8xtil com a prioritari i estrat\u00e8gic per a Espanya d&#8217;acord amb el dinamisme del sector t\u00e8xtil, de la moda i confecci\u00f3 i cal\u00e7at en part vinculat a models de producci\u00f3 i consum insostenibles associats a alts impactes ambientals marcats per baixos \u00edndexs d&#8217;\u00fas, reutilitzaci\u00f3, reparaci\u00f3 i integraci\u00f3 de noves tecnologies que permeta el reciclatge d&#8217;alta qualitat.<\/p>\n<p>Aix\u00ed doncs, el sector t\u00e8xtil i de la moda i el cal\u00e7at va contribuir amb un 2,7% al Producte Interior Brut espanyol l&#8217;any 2022, sent Espanya un dels pocs pa\u00efsos de la Uni\u00f3 Europea que disposa d&#8217;una ind\u00fastria de cap\u00e7alera que inclou la preparaci\u00f3 de fibres, filatura, tejedur\u00eda, tintura i acabats, estampaci\u00f3 i acabat, aix\u00ed com confeccionistas i empreses l\u00edders a nivell global.<\/p>\n<p>A la UE, el consum de productes t\u00e8xtils, la majoria dels quals s\u00f3n importats, representa ara com ara, de mitjana, l&#8217;habitaci\u00f3 major impacte negatiu sobre el medi ambient i el canvi clim\u00e0tic, i el tercer m\u00e9s elevat en l&#8217;\u00fas de l&#8217;aigua i del s\u00f2l des de la perspectiva del cicle de vida a escala global. Cada any es rebutgen al voltant de 5,8 milions de tones de productes t\u00e8xtils a la UE, 900.000 tones nom\u00e9s a Espanya on cada persona rebutja al voltant de 20 quilos de roba a l&#8217;any.<\/p>\n<p><em><strong><a href=\"https:\/\/www.miteco.gob.es\/es\/prensa\/ultimas-noticias\/2024\/abril\/el-miteco-destina-97-5-millones-para-impulsar-la-circularidad-y-.html\" target=\"_blank\" rel=\"noopener noreferrer\">COMUNICAT ORIGINAL DEL MITECO, AC\u00cd.<\/a><\/strong><\/em><\/p>\n","protected":false},"excerpt":{"rendered":"<p>La Fundaci\u00f3n Biodiversidad, dependent del Ministeri per a la Transici\u00f3 Ecol\u00f2gica i el Repte Demogr\u00e0fic (MITECO), ha llan\u00e7at una nova convocat\u00f2ria de subvencions per a l&#8217;impuls de l&#8217;economia circular en el sector del t\u00e8xtil, de la moda i la confecci\u00f3, i del cal\u00e7at, en el marc del del Pla de Recuperaci\u00f3, Transformaci\u00f3 i Resili\u00e8ncia (PRTR), [&hellip;]<\/p>\n","protected":false},"author":3,"featured_media":7885,"comment_status":"closed","ping_status":"closed","sticky":false,"template":"","format":"standard","meta":{"footnotes":""},"categories":[277,123],"tags":[],"class_list":["post-7939","post","type-post","status-publish","format-standard","has-post-thumbnail","hentry","category-al-dia-ca","category-blogcom-ca"],"_links":{"self":[{"href":"https:\/\/encircular.es\/ca\/wp-json\/wp\/v2\/posts\/7939\/"}],"collection":[{"href":"https:\/\/encircular.es\/ca\/wp-json\/wp\/v2\/posts\/"}],"about":[{"href":"https:\/\/encircular.es\/ca\/wp-json\/wp\/v2\/types\/post\/"}],"author":[{"embeddable":true,"href":"https:\/\/encircular.es\/ca\/wp-json\/wp\/v2\/users\/3\/"}],"replies":[{"embeddable":true,"href":"https:\/\/encircular.es\/ca\/wp-json\/wp\/v2\/comments\/?post=7939"}],"version-history":[{"count":3,"href":"https:\/\/encircular.es\/ca\/wp-json\/wp\/v2\/posts\/7939\/revisions\/"}],"predecessor-version":[{"id":7949,"href":"https:\/\/encircular.es\/ca\/wp-json\/wp\/v2\/posts\/7939\/revisions\/7949\/"}],"wp:featuredmedia":[{"embeddable":true,"href":"https:\/\/encircular.es\/ca\/wp-json\/wp\/v2\/media\/7885\/"}],"wp:attachment":[{"href":"https:\/\/encircular.es\/ca\/wp-json\/wp\/v2\/media\/?parent=7939"}],"wp:term":[{"taxonomy":"category","embeddable":true,"href":"https:\/\/encircular.es\/ca\/wp-json\/wp\/v2\/categories\/?post=7939"},{"taxonomy":"post_tag","embeddable":true,"href":"https:\/\/encircular.es\/ca\/wp-json\/wp\/v2\/tags\/?post=7939"}],"curies":[{"name":"wp","href":"https:\/\/api.w.org\/{rel}","templated":true}]}}