{"id":7953,"date":"2024-04-15T14:02:50","date_gmt":"2024-04-15T12:02:50","guid":{"rendered":"https:\/\/encircular.es\/encircular-colabora-con-la-jornada-economia-circular-en-la-comunidad-valenciana-el-19-04-en-valencia\/"},"modified":"2024-05-29T09:54:12","modified_gmt":"2024-05-29T07:54:12","slug":"encircular-colabora-con-la-jornada-economia-circular-en-la-comunidad-valenciana-el-19-04-en-valencia","status":"publish","type":"post","link":"https:\/\/encircular.es\/ca\/encircular-colabora-con-la-jornada-economia-circular-en-la-comunidad-valenciana-el-19-04-en-valencia\/","title":{"rendered":"EnCircular, col\u00b7laboradora de la jornada &#8216;Economia Circular a la Comunitat Valenciana&#8217; &#8212; 19.04, a Val\u00e8ncia"},"content":{"rendered":"<p>El divendres 19 d&#8217;abril el Ministeri per a la Transici\u00f3 Ecol\u00f2gica i Repte Demogr\u00e0fic, la Generalitat Valenciana i el Club de Excelencia en Sostenibilidad organitzen a Val\u00e8ncia la trobada &#8216;Economia Circular a la Comunitat Valenciana&#8217;, del qual l&#8217;Associaci\u00f3 de Dissenyadors de la Comunitat Valenciana (ADCV) \u00e9s entitat col\u00b7laboradora, a trav\u00e9s de la plataforma Encircular.es.<\/p>\n<p>El Club de Excelencia en Sostenibilidad detalla que el prop\u00f2sit d&#8217;aquesta jornada \u00e9s &#8220;oferir informaci\u00f3 essencial sobre l&#8217;estrat\u00e8gia d&#8217;economia circular, centrant-se en destacar tant les pol\u00edtiques governamentals com les pr\u00e0ctiques empresarials m\u00e9s reeixides en aquest \u00e0mbit. Per a aix\u00f2, es comptar\u00e0 amb la participaci\u00f3 d&#8217;institucions p\u00fabliques a nivell nacional, regional i local, aix\u00ed com amb la pres\u00e8ncia de grans empreses espanyoles, pimes locals i *startups compromeses amb la sostenibilitat&#8221; -en concret, Aqualia, GD Energy Services, Agforest, CoCircular i Greene Enterprise-.<\/p>\n<p>La inauguraci\u00f3 ser\u00e0 a c\u00e0rrec de Salom\u00e9 Pradas, consellera de Medi Ambient, Aigua, Infraestructura i Territori de la Generalitat, i Alejandro Dorado, comissionat per a l&#8217;Economia Circular del Ministeri per a la Transici\u00f3 Ecol\u00f2gica, i el tancament, el far\u00e0 Antonio Garc\u00eda Celda, director de la Capitalitat Verda Europea de l&#8217;Ajuntament de Val\u00e8ncia.<\/p>\n<p>A m\u00e9s de EnCircular, s\u00f3n organitzacions col\u00b7laboradores de l&#8217;esdeveniment la Fundaci\u00f3n Conexus, el Cl\u00faster d&#8217;Energia Comunitat Valenciana i el Cl\u00faster de Sostenibilitat Empresarial, Economia Circular i Mediambiental de la Comunitat Valenciana.<\/p>\n<p><strong>Ens acompanyes?<a href=\"https:\/\/clubsostenibilidad.org\/eventos\/jornada-de-economia-circular-en-la-comunidad-valenciana\/\" target=\"_blank\" rel=\"noopener noreferrer\"> Pots accedir al programa complet i inscripcions, ac\u00ed.<\/a><\/strong><\/p>\n<p>&nbsp;<\/p>\n<p><img loading=\"lazy\" decoding=\"async\" class=\"alignnone size-full wp-image-7868\" src=\"https:\/\/encircular.es\/wp-content\/uploads\/2024\/04\/Jornada-EC-Valencia-9-arrastrado.jpg\" alt=\"\" width=\"1654\" height=\"2339\" srcset=\"https:\/\/encircular.es\/wp-content\/uploads\/2024\/04\/Jornada-EC-Valencia-9-arrastrado.jpg 1654w, https:\/\/encircular.es\/wp-content\/uploads\/2024\/04\/Jornada-EC-Valencia-9-arrastrado-212x300.jpg 212w, https:\/\/encircular.es\/wp-content\/uploads\/2024\/04\/Jornada-EC-Valencia-9-arrastrado-724x1024.jpg 724w, https:\/\/encircular.es\/wp-content\/uploads\/2024\/04\/Jornada-EC-Valencia-9-arrastrado-768x1086.jpg 768w, https:\/\/encircular.es\/wp-content\/uploads\/2024\/04\/Jornada-EC-Valencia-9-arrastrado-1086x1536.jpg 1086w, https:\/\/encircular.es\/wp-content\/uploads\/2024\/04\/Jornada-EC-Valencia-9-arrastrado-1448x2048.jpg 1448w\" sizes=\"auto, (max-width: 1654px) 100vw, 1654px\" \/><\/p>\n","protected":false},"excerpt":{"rendered":"<p>El divendres 19 d&#8217;abril el Ministeri per a la Transici\u00f3 Ecol\u00f2gica i Repte Demogr\u00e0fic, la Generalitat Valenciana i el Club de Excelencia en Sostenibilidad organitzen a Val\u00e8ncia la trobada &#8216;Economia Circular a la Comunitat Valenciana&#8217;, del qual l&#8217;Associaci\u00f3 de Dissenyadors de la Comunitat Valenciana (ADCV) \u00e9s entitat col\u00b7laboradora, a trav\u00e9s de la plataforma Encircular.es. El [&hellip;]<\/p>\n","protected":false},"author":3,"featured_media":7852,"comment_status":"closed","ping_status":"closed","sticky":false,"template":"","format":"standard","meta":{"footnotes":""},"categories":[123,277],"tags":[],"class_list":["post-7953","post","type-post","status-publish","format-standard","has-post-thumbnail","hentry","category-blogcom-ca","category-al-dia-ca"],"_links":{"self":[{"href":"https:\/\/encircular.es\/ca\/wp-json\/wp\/v2\/posts\/7953\/"}],"collection":[{"href":"https:\/\/encircular.es\/ca\/wp-json\/wp\/v2\/posts\/"}],"about":[{"href":"https:\/\/encircular.es\/ca\/wp-json\/wp\/v2\/types\/post\/"}],"author":[{"embeddable":true,"href":"https:\/\/encircular.es\/ca\/wp-json\/wp\/v2\/users\/3\/"}],"replies":[{"embeddable":true,"href":"https:\/\/encircular.es\/ca\/wp-json\/wp\/v2\/comments\/?post=7953"}],"version-history":[{"count":2,"href":"https:\/\/encircular.es\/ca\/wp-json\/wp\/v2\/posts\/7953\/revisions\/"}],"predecessor-version":[{"id":7962,"href":"https:\/\/encircular.es\/ca\/wp-json\/wp\/v2\/posts\/7953\/revisions\/7962\/"}],"wp:featuredmedia":[{"embeddable":true,"href":"https:\/\/encircular.es\/ca\/wp-json\/wp\/v2\/media\/7852\/"}],"wp:attachment":[{"href":"https:\/\/encircular.es\/ca\/wp-json\/wp\/v2\/media\/?parent=7953"}],"wp:term":[{"taxonomy":"category","embeddable":true,"href":"https:\/\/encircular.es\/ca\/wp-json\/wp\/v2\/categories\/?post=7953"},{"taxonomy":"post_tag","embeddable":true,"href":"https:\/\/encircular.es\/ca\/wp-json\/wp\/v2\/tags\/?post=7953"}],"curies":[{"name":"wp","href":"https:\/\/api.w.org\/{rel}","templated":true}]}}