{"id":8299,"date":"2024-09-12T22:03:36","date_gmt":"2024-09-12T20:03:36","guid":{"rendered":"https:\/\/encircular.es\/el-proyecto-european-circular-innovation-valley-eciv-arranca-con-liderazgo-espanol-e-implicacion-de-nueve-paises\/"},"modified":"2024-10-24T00:08:41","modified_gmt":"2024-10-23T22:08:41","slug":"el-proyecto-european-circular-innovation-valley-eciv-arranca-con-liderazgo-espanol-e-implicacion-de-nueve-paises","status":"publish","type":"post","link":"https:\/\/encircular.es\/ca\/el-proyecto-european-circular-innovation-valley-eciv-arranca-con-liderazgo-espanol-e-implicacion-de-nueve-paises\/","title":{"rendered":"El projecte &#8216;European Circular Innovation Valley (ECIV)&#8217; arranca amb lideratge espanyol i implicaci\u00f3 de nou pa\u00efsos"},"content":{"rendered":"<p>El projecte \u2018European Circular Innovation Valley\u2019 (ECIV), liderat pel Govern de Navarra a trav\u00e9s del Departament d&#8217;Ind\u00fastria i de Transici\u00f3 Ecol\u00f2gica i Digital Empresarial, ha arrancat oficialment, amb una reuni\u00f3 que ha congregat a 19 entitats de 9 pa\u00efsos. Aquesta iniciativa, que forma part del Programa Marc Horitz\u00f3 Europa i est\u00e0 vinculada a nivell local amb Navarra Zirkular, t\u00e9 com a objectiu construir el major ecosistema d&#8217;innovaci\u00f3 en economia circular d&#8217;Europa, impulsant el desenvolupament sostenible i la col\u00b7laboraci\u00f3 en tot el continent.<\/p>\n<p>Durant la jornada, en la qual tamb\u00e9 ha participat Uxue Itoiz, directora general d&#8217;Energia, R+D+I Empresarial i Emprenedoria, i Montse Guerrero, subdirectora de Sostenibilitat i Economia Circular de SODENA, el conseller Irujo va destacar que \u201cl&#8217;inici del projecte marca un cam\u00ed apassionant per a convertir a Europa en el l\u00edder mundial de l&#8217;economia circular&#8221;.<\/p>\n<p>&#8220;En la nostra comunitat, ja s&#8217;han realitzat m\u00e9s de 100 projectes que demostren el nostre comprom\u00eds i potencial. En concret, aquesta iniciativa en col\u00b7laboraci\u00f3 amb altres regions europees ens permetr\u00e0 aconseguir grans coses en mat\u00e8ria de circularitat amb un alt valor afegit per a tots els que convivim a Europa. Estic segur que veurem desenvolupaments molt interessants\u201d, ha destacat.<\/p>\n<p>Amb un pressupost de 27,2 milions d&#8217;euros, el projecte ECIV, que tamb\u00e9 compta amb SODENA com a soci per a la seua implementaci\u00f3 a Navarra i amb el suport del Departament de Mem\u00f2ria i Conviv\u00e8ncia, Acci\u00f3 Exterior i Basca, pret\u00e9n convertir les regions europees en centres din\u00e0mics d&#8217;economia circular. Per a aconseguir-ho, durant els pr\u00f2xims cinc anys, ECIV suposar\u00e0 un avan\u00e7 significatiu en la transici\u00f3 cap a una economia circular a Europa generant creixement i desenvolupament sostenibles a les regions participants. Aix\u00f2 ser\u00e0 possible a trav\u00e9s de la mobilitzaci\u00f3, dinamitzaci\u00f3 i connexi\u00f3 d&#8217;un ecosistema d&#8217;innovaci\u00f3.<\/p>\n<p><strong>Foment de la innovaci\u00f3<\/strong><\/p>\n<p>El 60% del pressupost total es dedicar\u00e0 a convocat\u00f2ries obertes que fomentaran innovacions com la creaci\u00f3 de nous materials o tecnologies energ\u00e8ticament eficients; promouran la gesti\u00f3 de recursos a trav\u00e9s de processos industrials nous i millorats, i estimularan el creixement econ\u00f2mic potenciant la col\u00b7laboraci\u00f3 entre governs, empreses i institucions d&#8217;investigaci\u00f3 a Europa.<\/p>\n<p>Les oportunitats de finan\u00e7ament per a empreses establides i emergents que operen en l&#8217;\u00e0mbit de l&#8217;economia circular comen\u00e7aran en 2025, precedint a un per\u00edode de treball preparatori i activitats centrades en la construcci\u00f3 de l&#8217;ecosistema.<\/p>\n<p>Liderat pel Govern de Navarra, ECIV \u00e9s una col\u00b7laboraci\u00f3 entre socis regionals clau, incloent-hi l&#8217;Alian\u00e7a del Nord dels Pa\u00efsos Baixos; la Regi\u00f3 del Nord Mitj\u00e0 de Su\u00e8cia; la Regi\u00f3 de Normandia; el Ministeri d&#8217;Innovaci\u00f3 i Creixement de Bulg\u00e0ria; el Service Public de Wallonie Economie; el Consell Regional de H\u00e8lsinki-Uusimaa; Scottish Enterprise, i l&#8217;Ag\u00e8ncia d&#8217;Innovaci\u00f3 de Litu\u00e0nia al B\u00e0ltic, aix\u00ed com l&#8217;Associaci\u00f3 de Ciutats i Regions per a la gesti\u00f3 sostenible dels Recursos (ACR+). Aquest variat consorci t\u00e9 un objectiu com\u00fa: fer que Europa siga l\u00edder mundial en pr\u00e0ctiques d&#8217;economia circular.<\/p>\n<p><a href=\"https:\/\/www.navarra.es\/es\/-\/nota-prensa\/hacer-una-europa-lider-de-la-economia-circular\" target=\"_blank\" rel=\"noopener noreferrer\">Comunicat oficial del Govern de Navarra, ac\u00ed.<\/a><\/p>\n<p>&nbsp;<\/p>\n","protected":false},"excerpt":{"rendered":"<p>El projecte \u2018European Circular Innovation Valley\u2019 (ECIV), liderat pel Govern de Navarra a trav\u00e9s del Departament d&#8217;Ind\u00fastria i de Transici\u00f3 Ecol\u00f2gica i Digital Empresarial, ha arrancat oficialment, amb una reuni\u00f3 que ha congregat a 19 entitats de 9 pa\u00efsos. Aquesta iniciativa, que forma part del Programa Marc Horitz\u00f3 Europa i est\u00e0 vinculada a nivell local [&hellip;]<\/p>\n","protected":false},"author":3,"featured_media":8288,"comment_status":"closed","ping_status":"closed","sticky":false,"template":"","format":"standard","meta":{"footnotes":""},"categories":[91,123,277],"tags":[],"class_list":["post-8299","post","type-post","status-publish","format-standard","has-post-thumbnail","hentry","category-ecosistema-ca-blogcom-ca","category-blogcom-ca","category-al-dia-ca"],"_links":{"self":[{"href":"https:\/\/encircular.es\/ca\/wp-json\/wp\/v2\/posts\/8299\/"}],"collection":[{"href":"https:\/\/encircular.es\/ca\/wp-json\/wp\/v2\/posts\/"}],"about":[{"href":"https:\/\/encircular.es\/ca\/wp-json\/wp\/v2\/types\/post\/"}],"author":[{"embeddable":true,"href":"https:\/\/encircular.es\/ca\/wp-json\/wp\/v2\/users\/3\/"}],"replies":[{"embeddable":true,"href":"https:\/\/encircular.es\/ca\/wp-json\/wp\/v2\/comments\/?post=8299"}],"version-history":[{"count":2,"href":"https:\/\/encircular.es\/ca\/wp-json\/wp\/v2\/posts\/8299\/revisions\/"}],"predecessor-version":[{"id":8308,"href":"https:\/\/encircular.es\/ca\/wp-json\/wp\/v2\/posts\/8299\/revisions\/8308\/"}],"wp:featuredmedia":[{"embeddable":true,"href":"https:\/\/encircular.es\/ca\/wp-json\/wp\/v2\/media\/8288\/"}],"wp:attachment":[{"href":"https:\/\/encircular.es\/ca\/wp-json\/wp\/v2\/media\/?parent=8299"}],"wp:term":[{"taxonomy":"category","embeddable":true,"href":"https:\/\/encircular.es\/ca\/wp-json\/wp\/v2\/categories\/?post=8299"},{"taxonomy":"post_tag","embeddable":true,"href":"https:\/\/encircular.es\/ca\/wp-json\/wp\/v2\/tags\/?post=8299"}],"curies":[{"name":"wp","href":"https:\/\/api.w.org\/{rel}","templated":true}]}}