{"id":3036,"date":"2020-09-30T08:25:11","date_gmt":"2020-09-30T06:25:11","guid":{"rendered":"https:\/\/encircular.es\/europa-aspira-a-liderar-una-alianza-mundial-por-la-economia-en-circular\/"},"modified":"2021-02-03T10:48:32","modified_gmt":"2021-02-03T09:48:32","slug":"europa-aspira-a-liderar-una-alianza-mundial-por-la-economia-en-circular","status":"publish","type":"post","link":"https:\/\/encircular.es\/en\/europa-aspira-a-liderar-una-alianza-mundial-por-la-economia-en-circular\/","title":{"rendered":"Europe aspires to lead a global alliance for the circular economy"},"content":{"rendered":"<p><strong>Liderar una alianza mundial por la econom\u00eda circular. Ese es el ambicioso objetivo que persigue la Uni\u00f3n Europea, que trabaja para acelerar la transici\u00f3n ecol\u00f3gica de su modelo productivo y de consumo, como \u00fanica v\u00eda para garantizar la sostenibilidad medioambiental y social a medio plazo y de mantener su eficiencia y competitividad en un contexto global. Esta apuesta se ha plasmado en un nuevo \u2018Plan de Acci\u00f3n para la Econom\u00eda Circular\u2019, que supone un salto cualitativo y cuantitativo en el trabajo abordado desde 2011, con la definici\u00f3n de l\u00edneas de trabajo, estrategias, programas y herramientas que implicar\u00e1n a todos los agentes: desde las instituciones y organismos p\u00fablicos, a los gobiernos, las empresas y la ciudadan\u00eda.<\/strong><\/p>\n<p>Esta nueva estrategia en la transici\u00f3n hacia una econom\u00eda en circular se enmarca en el European Green Deal o Acuerdo Verde Europeo, que parte de una visi\u00f3n hol\u00edstica y transversal: preservar el medio ambiente y la biodiversidad, alcanzar la neutralidad clim\u00e1tica en 2050 y avanzar en equidad y bienestar social son objetivos inalcanzables sin un sistema econ\u00f3mico en circular.<\/p>\n<p>Se parte del principio de que esa transici\u00f3n \u201cno deje a nadie fuera\u201d y se apoya en la corresponsabilidad y necesaria implicaci\u00f3n de todos los agentes, partiendo de la base social, la ciudadan\u00eda, pasando por los poderes p\u00fablicos -a trav\u00e9s de regulaci\u00f3n de todo el ciclo de vida de los materiales y productos, desde la extracci\u00f3n al ecodise\u00f1o y el etiquetado, a la venta \u00e9tica y el tratamiento de residuos; incentivos a la innovaci\u00f3n y transformaci\u00f3n de modelos y procesos; concienciaci\u00f3n y formaci\u00f3n al consumidor, o la apuesta por la compra p\u00fablica con criterios sociales y medioambientales- y el sector empresarial -con foco en todo el ciclo de vida y la cadena de valor de los productos y servicios-.<\/p>\n<p>En los \u00faltimos ejercicios, se ha logrado un gran avance en cuento al nivel de concienciaci\u00f3n y sensibilizaci\u00f3n: seg\u00fan los resultados del Eurobar\u00f3metro publicado en marzo de 2020, el 94% de los ciudadanos de la Uni\u00f3n afirma que la protecci\u00f3n del medio ambiente es importante para ellos y considera que los m\u00e9todos m\u00e1s eficaces para combatir los problemas medioambientales son &#8220;cambiar la manera de consumir&#8221; y &#8220;cambiar la manera de producir y comercializar\u201d.<\/p>\n<p>En esta l\u00ednea, el \u2018Plan de Acci\u00f3n para la Econom\u00eda Circular\u2019, presentado el 11 de marzo de este a\u00f1o, busca construir \u201cun sistema que garantice que el valor de los materiales, recursos y productos utilizados se mantengan en la econom\u00eda de la UE durante el mayor tiempo posible, con el objetivo de adaptar nuestra econom\u00eda a un futuro ecol\u00f3gico y reforzar nuestra competitividad, protegiendo al mismo tiempo el medio ambiente y confiriendo nuevos derechos a los consumidores&#8221;.<\/p>\n<p>\u201cSolo tenemos una Tierra, pero en 2050 estaremos consumiendo como si tuvi\u00e9ramos tres. El nuevo Plan har\u00e1 que la circularidad sea la norma en nuestras vidas y acelerar\u00e1 la transici\u00f3n ecol\u00f3gica de nuestra econom\u00eda. Unas medidas tomadas pensando en el futuro generar\u00e1n oportunidades de negocio y de trabajo, reconocer\u00e1n nuevos derechos a los consumidores europeos, encauzar\u00e1n la innovaci\u00f3n y la digitalizaci\u00f3n y, al igual que la naturaleza, garantizar\u00e1n que no se desperdicie nada\u201d, subray\u00f3 Virginijus Sinkevi\u010dius, comisario europeo de Medio Ambiente, Oc\u00e9anos y Pesca.<\/p>\n<p>En l\u00ednea con la visi\u00f3n hol\u00edstica del Green Deal, todas las acciones planteadas en este plan de econom\u00eda circular se orientar\u00e1n a reducir tanto la huella del carbono como la huella de materiales de la UE -la mitad de las emisiones totales de gases de efecto invernadero y m\u00e1s del 90% de la p\u00e9rdida de biodiversidad y el estr\u00e9s h\u00eddrico se deben a la extracci\u00f3n y al tratamiento de los recursos-.<\/p>\n<p>El vicepresidente ejecutivo responsable del Pacto Verde Europeo, Frans Timmermans, destaca que, a pesar de los pasos y avances logrados en los \u00faltimos ejercicios -con los sucesivos planes de acci\u00f3n y desarrollos normativos-, \u201cen la actualidad, nuestra econom\u00eda sigue siendo casi enteramente lineal, ya que solo el 12% de los materiales y recursos secundarios vuelve a entrar en la econom\u00eda. Muchos productos se rompen con demasiada facilidad, no se pueden reutilizar, reparar ni reciclar, o est\u00e1n fabricados para un solo uso. Existe un enorme potencial que pueden aprovechar tanto las empresas como los consumidores\u201d.<\/p>\n<p>Las previsiones manejadas por la Comisi\u00f3n Europea son que, gracias a las mejoras en eficiencia y competitividad que traer\u00e1 consigo la aplicaci\u00f3n del \u2018Plan de Acci\u00f3n para la Econom\u00eda Circular\u2019, se podr\u00eda incrementar en un 0,5% el PIB de la eurozona y crear unos 700.000 nuevos puestos de trabajo hasta 2030. De esta manera, se avanzar\u00e1, tambi\u00e9n, en los objetivos de integraci\u00f3n y equidad social y mejora del bienestar de todas las personas.<\/p>\n<p><strong>L\u00edneas de acci\u00f3n y carencias<\/strong><\/p>\n<p>Para ello, el nuevo Plan aprobado por la Comisi\u00f3n Europea establece unos objetivos y l\u00edneas centrales de acci\u00f3n, que ser\u00e1n objeto de desarrollos normativos -a nivel europeo y en las respectivos estados-, pol\u00edticas, planes y acciones concretos.<\/p>\n<p>En este sentido, podemos destacar tres grandes carencias en el documento: no contemplar las energ\u00edas renovables, uno de los pilares de la econom\u00eda en circular; no incluir objetivos ni l\u00edneas de trabajo espec\u00edficas para el turismo, sector clave para la econom\u00eda europea, y no prestar la atenci\u00f3n que requiere el mundo rural -pese al alto peso en distribuci\u00f3n de poblaci\u00f3n en algunos de los estados miembros y el papel fundamental del sector primario en la conservaci\u00f3n del medio ambiente, la biodiversidad y la gesti\u00f3n de recursos-.<\/p>\n<p>La Comisi\u00f3n Europea detalla que el \u2018Plan de acci\u00f3n para la econom\u00eda circular\u2019 recoge, en primer lugar, medidas orientadas a empoderar a los consumidores. Se busca que reciban informaci\u00f3n fidedigna sobre aspectos como la reparabilidad y la durabilidad de los productos, que les ayude a tomar decisiones m\u00e1s sostenibles. Una de las propuestas destacadas es regular el \u2018derecho de reparaci\u00f3n\u2019 o acceso a repuestos.<\/p>\n<p>En este sentido, el eje central perseguido es conseguir que \u201clos productos sostenibles sean la norma en la UE\u201d. Se legislar\u00e1 para que los productos comercializados duren m\u00e1s, sean m\u00e1s f\u00e1ciles de reutilizar, reparar y reciclar e incorporen, en la medida de lo posible, material reciclado en lugar de materias primas. Se restringir\u00e1n los productos de un solo uso, se har\u00e1 frente a la obsolescencia prematura y se prohibir\u00e1 la destrucci\u00f3n de bienes duraderos que no hayan sido vendidos.<\/p>\n<p>El documento que recoge las l\u00edneas de trabajo en econom\u00eda circular en la Uni\u00f3n Europea, menciona acciones concretas orientadas a \u201clos sectores que utilizan m\u00e1s recursos o tienen un elevado potencial de circularidad\u201d.<\/p>\n<p>Entre ellos, est\u00e1n: Electr\u00f3nica y TIC: La \u2018Iniciativa sobre la Electr\u00f3nica Circular\u2019 alargar\u00e1 la vida \u00fatil de los productos y mejorar\u00e1 la recogida y el tratamiento de los residuos; bater\u00edas y veh\u00edculos: se persigue aumentar la sostenibilidad e impulsar el potencial de circularidad de las bater\u00edas, as\u00ed como la revisi\u00f3n de las normas relativas a los veh\u00edculos al final de su vida \u00fatil, con el fin de mejorar la eficiencia del reciclado, y normas sobre el tratamiento sostenible de los aceites usados; envases y embalajes: nuevos requisitos obligatorios en cuento a materiales y formatos, entre otros; pl\u00e1sticos: requisitos obligatorios sobre el contenido reciclado, con especial atenci\u00f3n a los micropl\u00e1sticos, los biopl\u00e1sticos y los pl\u00e1sticos biodegradables; productos textiles: reforzar la competitividad y la innovaci\u00f3n en el sector e impulsar el mercado de la reutilizaci\u00f3n textil; construcci\u00f3n y vivienda: estrategia integral para un entorno construido sostenible que fomente los principios de circularidad en los edificios, y alimentaci\u00f3n, como \u00e1mbitos m\u00e1s destacados.<\/p>\n<p>En cuanto a los residuos, la estrategia de la Uni\u00f3n Europea se centrar\u00e1 en evitar los residuos, en primer lugar, y, si se producen, en transformarlos en recursos secundarios de alta calidad que se integren en un eficiente mercado de materias primas secundarias -para darles una nueva vida-. La Comisi\u00f3n estudiar\u00e1 la posibilidad de establecer un modelo armonizado a escala de la UE de recogida separada de residuos y su etiquetado. El \u2018Plan de acci\u00f3n\u2019 tambi\u00e9n presenta una serie de medidas para reducir al m\u00ednimo las exportaciones de residuos de la UE y hacer frente a los traslados il\u00edcitos.<\/p>\n<p><strong>Financiaci\u00f3n e incentivos<\/strong><\/p>\n<p>Para apoyar las estrategias nacionales y los proyectos e inversiones del sector privado necesarios para abordar con \u00e9xito esa transici\u00f3n hacia una econom\u00eda en circular, se habilitar\u00e1n programas de apoyo e la innovaci\u00f3n y la transformaci\u00f3n de estrategias, procesos y sistemas en las empresas -como los diferentes proyectos del Programa LIFE o subvenciones y l\u00edneas de cr\u00e9dito para programas de investigaci\u00f3n e innovaci\u00f3n-, as\u00ed como otros recursos europeos con diferentes f\u00f3rmulas -desde los Fondos de Cohesi\u00f3n, al Fondo Europeo de Desarrollo Regional-.<br \/>\nAdem\u00e1s, se contemplan acciones para movilizar financiaci\u00f3n privada en apoyo de la econom\u00eda circular a trav\u00e9s de instrumentos financieros comunes, como InvestEU.<\/p>\n<p>Una de las principales herramientas de impulso de esta evoluci\u00f3n hacia una econom\u00eda en circular ser\u00e1 la \u2018compra p\u00fablica verde\u2019, que supone la integraci\u00f3n de criterios obligatorios de contenido medioambiental en los procesos de contrataci\u00f3n de organismos, instituciones y empresas p\u00fablicas. La compra p\u00fablica moviliza, actualmente, en torno al 14% del PIB de la UE.<\/p>\n<p>La cooperaci\u00f3n p\u00fablico-privada es esencial para alcanzar el \u00e9xito del plan y la mayor eficiencia y eficacia en resultados, que redunde en beneficio de todos los ciudadanos europeos.<\/p>\n<p>Acceso al \u2018Plan de Acci\u00f3n de Econom\u00eda Circular\u2019 y documentaci\u00f3n complementaria:<br \/>\n<a href=\"https:\/\/ec.europa.eu\/commission\/presscorner\/detail\/es\/ip_20_420\" target=\"_blank\" rel=\"noopener noreferrer\">https:\/\/ec.europa.eu\/commission\/presscorner\/detail\/es\/ip_20_420<\/a><\/p>\n","protected":false},"excerpt":{"rendered":"<p>Liderar una alianza mundial por la econom\u00eda circular. Ese es el ambicioso objetivo que persigue la Uni\u00f3n Europea, que trabaja para acelerar la transici\u00f3n ecol\u00f3gica de su modelo productivo y de consumo, como \u00fanica v\u00eda para garantizar la sostenibilidad medioambiental y social a medio plazo y de mantener su eficiencia y competitividad en un contexto [&hellip;]<\/p>\n","protected":false},"author":3,"featured_media":1665,"comment_status":"open","ping_status":"open","sticky":false,"template":"","format":"standard","meta":{"footnotes":""},"categories":[81],"tags":[],"class_list":["post-3036","post","type-post","status-publish","format-standard","has-post-thumbnail","hentry","category-ecosystem-blogcom-en"],"_links":{"self":[{"href":"https:\/\/encircular.es\/en\/wp-json\/wp\/v2\/posts\/3036\/"}],"collection":[{"href":"https:\/\/encircular.es\/en\/wp-json\/wp\/v2\/posts\/"}],"about":[{"href":"https:\/\/encircular.es\/en\/wp-json\/wp\/v2\/types\/post\/"}],"author":[{"embeddable":true,"href":"https:\/\/encircular.es\/en\/wp-json\/wp\/v2\/users\/3\/"}],"replies":[{"embeddable":true,"href":"https:\/\/encircular.es\/en\/wp-json\/wp\/v2\/comments\/?post=3036"}],"version-history":[{"count":2,"href":"https:\/\/encircular.es\/en\/wp-json\/wp\/v2\/posts\/3036\/revisions\/"}],"predecessor-version":[{"id":3995,"href":"https:\/\/encircular.es\/en\/wp-json\/wp\/v2\/posts\/3036\/revisions\/3995\/"}],"wp:featuredmedia":[{"embeddable":true,"href":"https:\/\/encircular.es\/en\/wp-json\/wp\/v2\/media\/1665\/"}],"wp:attachment":[{"href":"https:\/\/encircular.es\/en\/wp-json\/wp\/v2\/media\/?parent=3036"}],"wp:term":[{"taxonomy":"category","embeddable":true,"href":"https:\/\/encircular.es\/en\/wp-json\/wp\/v2\/categories\/?post=3036"},{"taxonomy":"post_tag","embeddable":true,"href":"https:\/\/encircular.es\/en\/wp-json\/wp\/v2\/tags\/?post=3036"}],"curies":[{"name":"wp","href":"https:\/\/api.w.org\/{rel}","templated":true}]}}