{"id":3731,"date":"2020-09-13T16:55:57","date_gmt":"2020-09-13T14:55:57","guid":{"rendered":"https:\/\/encircular.es\/?p=3731"},"modified":"2021-02-03T10:48:16","modified_gmt":"2021-02-03T09:48:16","slug":"espana-en-el-mapa-europeo-de-la-economia-circular-una-oportunidad-historica","status":"publish","type":"post","link":"https:\/\/encircular.es\/en\/espana-en-el-mapa-europeo-de-la-economia-circular-una-oportunidad-historica\/","title":{"rendered":"Spain on the European circular economy map: A historic opportunity"},"content":{"rendered":"<p align=\"JUSTIFY\"><strong><span lang=\"es-ES\"><span style=\"color: #000000;\">Sobre el papel, Espa\u00f1a es uno de los pa\u00edses que cuenta con mejores condiciones y recursos para liderar la transici\u00f3n de los modelos de producci\u00f3n y consumo hacia la econom\u00eda en circular. Pero, \u00bfestamos sacando provecho a esas ventajas? \u00bfEstamos en condiciones de cumplir con los objetivos definidos en la Estrategia de Econom\u00eda Circular europea para 2030?<\/span><\/span><\/strong><\/p>\n<p align=\"JUSTIFY\"><span lang=\"es-ES\"><span style=\"color: #000000;\">La realidad es que, si no avanzamos en un cambio de paradigma, que se extienda desde el sistema educativo hasta el marco legislativo, tecnol\u00f3gico, financiero y de modelos de negocio, dejaremos pasar la oportunidad hist\u00f3rica de liderar la evoluci\u00f3n hacia modelos m\u00e1s sostenibles, reducir nuestra dependencia exterior -Espa\u00f1a necesita 2,5 veces su superficie para satisfacer sus necesidades actuales- y reforzar la competitividad y capacidad de internacionalizaci\u00f3n de nuestras empresas.<\/span><\/span><\/p>\n<p align=\"JUSTIFY\"><span lang=\"es-ES\"><span style=\"color: #000000;\">Espa\u00f1a es el segundo estado por tama\u00f1o y el primero por nivel de biodiversidad de Europa; disfruta de unas condiciones geogr\u00e1ficas y clim\u00e1ticas \u00f3ptimas para el desarrollo de las energ\u00edas renovables -solar, e\u00f3lica e hidr\u00e1ulica-; un sistema de conocimiento e innovaci\u00f3n consolidado y en pleno crecimiento -es considerado uno de los cinco pa\u00edses europeos con mayor grado de desarrollo tecnol\u00f3gico-; mano de obra cualificada, y un alto grado de concienciaci\u00f3n sobre la necesidad de actuar frente al deterioro medioambiental y el cambio clim\u00e1tico entre ciudadanos y sector empresarial.<\/span><\/span><\/p>\n<p align=\"JUSTIFY\"><span lang=\"es-ES\"><span style=\"color: #000000;\">De hecho, en torno al 85% de las organizaciones privadas consultadas en el marco del <\/span><\/span><span lang=\"es-ES\"><span style=\"color: #000000;\"><i>Eurobar\u00f3metro<\/i><\/span><\/span><span lang=\"es-ES\"><span style=\"color: #000000;\"> publicado en junio de 2016 afirmaba haber adoptado alguna pol\u00edtica o medida vinculada con la econom\u00eda circular en los tres a\u00f1os anteriores o estaba en v\u00edas de hacerlo, lo que colocaba a Espa\u00f1a en el tercer puesto en cuanto a implantaci\u00f3n en el sector empresarial. Sin embargo, hay que tener en cuenta que en el 70% de los casos estas medidas se centraban en la gesti\u00f3n de residuos -de hecho, el \u00e1mbito con mayor desarrollo legislativo-, y solo el restante 15% tom\u00f3 en cuenta otras fases del proceso de producci\u00f3n o consumo -desde el dise\u00f1o circular o la eco-innovaci\u00f3n a la log\u00edstica-, desaprovechando las oportunidades estrat\u00e9gicas que abre la implantaci\u00f3n de este tipo de modelo en t\u00e9rminos de eficiencia, innovaci\u00f3n, productividad y competitividad.<\/span><\/span><\/p>\n<p align=\"JUSTIFY\"><span lang=\"es-ES\"><span style=\"color: #000000;\">No solo eso, sino que, seg\u00fan el <\/span><\/span><span style=\"color: #000000;\">Circle Economy, la \u201cbrecha de circularidad global se est\u00e1 ampliando\u201d. En concreto, la tasa de circularidad -que mide la proporci\u00f3n del material recuperado y devuelto a la econom\u00eda-, se cifra en Espa\u00f1a en un 8,2%, frente al 9,1% alcanzado dos a\u00f1os antes, lejos del 11,7% de la media de la UE y por debajo de, 8,6% de promedio mundial. La Fundaci\u00f3n Cotec atribuye esta situaci\u00f3n a que, en momentos de crisis, las empresas han buscado una mayor eficiencia en el uso de recursos y materiales, esfuerzos que se relajaron cuando lleg\u00f3 la recuperaci\u00f3n. La actual crisis provocada por el Covid-19 podr\u00eda contribuir a recuperar parte de ese terreno perdido.<\/span><\/p>\n<p align=\"JUSTIFY\"><span style=\"color: #000000;\">Adem\u00e1s, nos <\/span><span lang=\"es-ES\"><span style=\"color: #000000;\">situamos lejos de la media europea en indicadores clave <\/span><\/span><span style=\"color: #000000;\">en \u00e1mbitos como la gesti\u00f3n de residuos -parad\u00f3jicamente, el que m\u00e1s y mayores esfuerzos ha concentrado-, con un 33,5% de tasa de reciclaje en Espa\u00f1a, frente al 46,5% en la UE, o un 54% de residuos municipales que acaban en vertederos, m\u00e1s del doble que la media europea -porcentaje que complica llegar al objetivo de la UE de bajar al 10% el dep\u00f3sito en vertederos en 2030-, adem\u00e1s de la proliferaci\u00f3n de vertederos ilegales -situaci\u00f3n objeto de varios sanciones al pa\u00eds-.<\/span><\/p>\n<p align=\"JUSTIFY\"><span style=\"color: #000000;\"><b>\u00bfPor qu\u00e9 estamos en esta situaci\u00f3n?<\/b><\/span><\/p>\n<p align=\"JUSTIFY\"><span style=\"color: #000000;\"> <span lang=\"es-ES\">Este retraso en la evoluci\u00f3n hacia modelos de econom\u00eda circular en Espa\u00f1a, que contrasta con su te\u00f3rico potencial para abordar la transici\u00f3n de manera exitosa, responde a una combinaci\u00f3n de m\u00faltiples factores, entre los que podemos destacar: el retraso en un marco de referencia nacional &#8211;<\/span><\/span><span style=\"color: #000000;\">la Estrategia Espa\u00f1ola de Econom\u00eda Circular<\/span><span lang=\"es-ES\"><span style=\"color: #000000;\"> se aprob\u00f3, finalmente, en junio de 2020, cinco a\u00f1os despu\u00e9s que el europeo y tras m\u00e1s de dos a\u00f1os en tramitaci\u00f3n-, con objetivos, herramientas y pol\u00edticas que incentiven la inversi\u00f3n en soluciones m\u00e1s sostenibles e innovadoras, a lo que se une la disparidad de normativas entre las diferentes comunidades aut\u00f3nomas; la estructura empresarial, con m\u00e1s de un 97% de pymes y micropymes, con recursos limitados que dificultan la inversi\u00f3n, m\u00e1s en momentos de crisis como las que hemos sufrido en los \u00faltimos ejercicios; la ausencia de metodolog\u00edas de seguimiento, medici\u00f3n e indicadores claros en esta materia, y la presi\u00f3n del mercado.<\/span><\/span><\/p>\n<p align=\"JUSTIFY\"><span lang=\"es-ES\"><span style=\"color: #000000;\">Este contexto ha provocado que, pese a la creciente concienciaci\u00f3n y compromiso del sector empresarial, se hayan desincentivado inversiones innovadoras, tanto nacionales como internacionales, y que el consumo de materiales y energ\u00eda y las emisiones de CO2 crezcan a\u00f1o tras a\u00f1o, con el consiguiente empeoramiento de los impactos en el entorno y en la calidad de vida y salud de sus habitantes<\/span><\/span><\/p>\n<p align=\"JUSTIFY\"><span style=\"color: #000000;\">En 2019, la consultora Kaizen Institute, realiz\u00f3 un estudio sobre la inversi\u00f3n de las empresas espa\u00f1olas en proyectos y soluciones que ayuden a mejorar la econom\u00eda circular. Concluy\u00f3 que solo el 30% de ellas est\u00e1n incorporando iniciativas sostenibles basadas en la utilizaci\u00f3n de materiales reciclados, uso de energ\u00edas alternativas o dise\u00f1o de productos m\u00e1s f\u00e1cilmente reciclables, y que estas medidas suponen, de media, un 12% de la inversi\u00f3n total.<\/span><\/p>\n<p align=\"JUSTIFY\"><span style=\"color: #000000;\">La Estrategia Espa\u00f1ola de Econom\u00eda Circular (EEEC), \u2018Espa\u00f1a Circular 2030\u2019, apela a la necesaria colaboraci\u00f3n p\u00fablico privada para alcanzar los ambiciosos objetivos, alineados con los definidos por la UE: reducir en un 30% el consumo nacional de materiales en relaci\u00f3n con el PIB -respecto a 2010-; disminuir la generaci\u00f3n de residuos un 15%; aumentar la reutilizaci\u00f3n hasta llegar al 10% de los residuos municipales generados; mejorar un 10% la eficiencia en el uso del agua, y reducir la emisi\u00f3n de gases de efecto invernadero por debajo de los 10 millones de toneladas de CO2 equivalente, entre otros. <\/span><span style=\"color: #000000;\"><i>-Leer m\u00e1s en \u2018La Estrategia Espa\u00f1ola de Econom\u00eda Circular: Construyendo un sistema m\u00e1s sostenible y competitivo\u2019<\/i><\/span><span style=\"color: #000000;\">-.<\/span><\/p>\n<p align=\"JUSTIFY\"><span lang=\"es-ES\"><span style=\"color: #000000;\">En este sentido, el Ministerio de Transici\u00f3n Ecol\u00f3gica destaca que la transici\u00f3n \u201cdebe hacerse de forma que permita a las empresas ser eficientes sin incurrir en cargas excesivas, mejorando su productividad, capacidad de contratar, sus inversiones y sus oportunidades de internacionalizaci\u00f3n\u201d. A\u00f1ade que es necesario mejorar la base de nuestros conocimientos cient\u00edficos y t\u00e9cnicos, desarrollar nuevas tecnolog\u00edas, y redise\u00f1ar los productos y procesos productivos, modelos de negocio, incluyendo los servicios, y de consumo. <\/span><\/span><\/p>\n<p align=\"JUSTIFY\"><span lang=\"es-ES\"><span style=\"color: #000000;\">En el documento hace hincapi\u00e9 en que el fomento de la I+D+i, en la que se enmarca el dise\u00f1o, es un elemento crucial en este proceso de transici\u00f3n. Esa apuesta por la innovaci\u00f3n permitir\u00e1, \u201cal mismo tiempo, contribuir a la modernizaci\u00f3n, desarrollo, crecimiento y competitividad empresarial que contribuir\u00e1, tambi\u00e9n, a la competitividad y modernizaci\u00f3n de la industria europea y espa\u00f1ola\u201d.<\/span><\/span><\/p>\n<p align=\"JUSTIFY\"><span lang=\"es-ES\"><span style=\"color: #000000;\"><b>Pa\u00eds Vasco: Un caso de \u00e9xito que inspira<\/b><\/span><\/span><\/p>\n<p align=\"JUSTIFY\"><span lang=\"es-ES\"><span style=\"color: #000000;\">La evoluci\u00f3n en el Pa\u00eds Vasco demuestra que los resultados pueden ser muy distintos cuando sector p\u00fablico y privado trabajan de la mano para alcanzar objetivos compartidos y \u00e9stos abarcan todo el ciclo de producci\u00f3n y consumo. El gobierno auton\u00f3mico ha realizado una decidida apuesta por la implantaci\u00f3n de modelos circulares, con legislaci\u00f3n propia, refuerzo del sistema de innovaci\u00f3n y conocimiento, programas de apoyo a la innovaci\u00f3n y a nuevos negocios e incentivos fiscales, entre otras medidas. Desde el a\u00f1o 2000, <\/span><\/span><span style=\"color: #000000;\">el consumo de materiales en esta comunidad se ha recortado un 25% -pese al crecimiento del 26% en la econom\u00eda regional- y el volumen de residuos urbanos en vertedero ha bajado un 56%.<\/span><\/p>\n<p align=\"JUSTIFY\"><span lang=\"es-ES\"><span style=\"color: #000000;\">En enero, ratific\u00f3 esta apuesta con la aprobaci\u00f3n de la <\/span><\/span><span style=\"color: #000000;\">Estrategia de Econom\u00eda Circular de Euskadi 2030. Adem\u00e1s de mantener las l\u00edneas mencionadas, se pondr\u00e1 especial atenci\u00f3n a la generaci\u00f3n y transferencia de conocimiento; capacitaci\u00f3n de profesionales; el desarrollo de est\u00e1ndares t\u00e9cnicos y de metodolog\u00edas para facilitar la utilizaci\u00f3n de materiales secundarios, o la aplicaci\u00f3n de tasas medioambientales, entre otras l\u00edneas.<\/span><\/p>\n<p align=\"JUSTIFY\"><span style=\"color: #000000;\">Con su implantaci\u00f3n se espera conseguir la creaci\u00f3n de m\u00e1s de 3.000 empleos en el \u00e1mbito de la econom\u00eda circular, un aumento de la facturaci\u00f3n de las empresas del territorio en productos m\u00e1s circulares hasta los 10.000 millones de euros y la reducci\u00f3n del 26% de las emisiones de carbono asociadas al consumo, entre otros hitos.<\/span><\/p>\n","protected":false},"excerpt":{"rendered":"<p>Sobre el papel, Espa\u00f1a es uno de los pa\u00edses que cuenta con mejores condiciones y recursos para liderar la transici\u00f3n de los modelos de producci\u00f3n y consumo hacia la econom\u00eda en circular. Pero, \u00bfestamos sacando provecho a esas ventajas? \u00bfEstamos en condiciones de cumplir con los objetivos definidos en la Estrategia de Econom\u00eda Circular europea [&hellip;]<\/p>\n","protected":false},"author":3,"featured_media":1412,"comment_status":"open","ping_status":"open","sticky":false,"template":"","format":"standard","meta":{"footnotes":""},"categories":[81],"tags":[],"class_list":["post-3731","post","type-post","status-publish","format-standard","has-post-thumbnail","hentry","category-ecosystem-blogcom-en"],"_links":{"self":[{"href":"https:\/\/encircular.es\/en\/wp-json\/wp\/v2\/posts\/3731\/"}],"collection":[{"href":"https:\/\/encircular.es\/en\/wp-json\/wp\/v2\/posts\/"}],"about":[{"href":"https:\/\/encircular.es\/en\/wp-json\/wp\/v2\/types\/post\/"}],"author":[{"embeddable":true,"href":"https:\/\/encircular.es\/en\/wp-json\/wp\/v2\/users\/3\/"}],"replies":[{"embeddable":true,"href":"https:\/\/encircular.es\/en\/wp-json\/wp\/v2\/comments\/?post=3731"}],"version-history":[{"count":2,"href":"https:\/\/encircular.es\/en\/wp-json\/wp\/v2\/posts\/3731\/revisions\/"}],"predecessor-version":[{"id":3994,"href":"https:\/\/encircular.es\/en\/wp-json\/wp\/v2\/posts\/3731\/revisions\/3994\/"}],"wp:featuredmedia":[{"embeddable":true,"href":"https:\/\/encircular.es\/en\/wp-json\/wp\/v2\/media\/1412\/"}],"wp:attachment":[{"href":"https:\/\/encircular.es\/en\/wp-json\/wp\/v2\/media\/?parent=3731"}],"wp:term":[{"taxonomy":"category","embeddable":true,"href":"https:\/\/encircular.es\/en\/wp-json\/wp\/v2\/categories\/?post=3731"},{"taxonomy":"post_tag","embeddable":true,"href":"https:\/\/encircular.es\/en\/wp-json\/wp\/v2\/tags\/?post=3731"}],"curies":[{"name":"wp","href":"https:\/\/api.w.org\/{rel}","templated":true}]}}