{"id":3783,"date":"2021-01-18T11:30:17","date_gmt":"2021-01-18T10:30:17","guid":{"rendered":"https:\/\/encircular.es\/conexion-encircular-foretica-la-sostenibilidad-es-clave-en-la-agenda-de-los-gobiernos-y-de-las-empresas\/"},"modified":"2021-02-03T10:44:58","modified_gmt":"2021-02-03T09:44:58","slug":"conexion-encircular-foretica-la-sostenibilidad-es-clave-en-la-agenda-de-los-gobiernos-y-de-las-empresas","status":"publish","type":"post","link":"https:\/\/encircular.es\/en\/conexion-encircular-foretica-la-sostenibilidad-es-clave-en-la-agenda-de-los-gobiernos-y-de-las-empresas\/","title":{"rendered":"&#8216;EnCircular Connection&#8217;. For\u00e9tica: &#8220;Sustainability is key in the agenda of governments and companies&#8221;"},"content":{"rendered":"<p><em>Elena Ruiz es la responsable del Grupo de Acci\u00f3n en Econom\u00eda Circular de For\u00e9tica, organizaci\u00f3n referente en sostenibilidad y responsabilidad social empresarial en Espa\u00f1a. La entidad se constituy\u00f3 en 1999 y, actualmente, est\u00e1 formada por m\u00e1s de 240 socios, entre empresas, asociaciones, ONG de referencia y socios personales. For\u00e9tica es el representante del World Business Council for Sustainable Development (WBCSD) en Espa\u00f1a y, por tanto, Consejo Empresarial Espa\u00f1ol para el Desarrollo Sostenible. Elena Ruiz intervino en la primera edici\u00f3n de \u2018Econom\u00eda EnCircular Open Week\u2019* en una conexi\u00f3n tras su participaci\u00f3n en el Foro Mundial de Econom\u00eda Circular.<\/em><\/p>\n<p><iframe loading=\"lazy\" src=\"https:\/\/www.youtube.com\/embed\/PL2ikdWRXAM\" width=\"903\" height=\"508\" frameborder=\"0\" allowfullscreen=\"allowfullscreen\"><\/iframe><\/p>\n<p>Cuando hacemos balance de los \u00faltimos cinco a\u00f1os vemos que la sostenibilidad se ha convertido en clave en la agenda de los gobiernos y de las empresas.<\/p>\n<p>El Foro Mundial de Econom\u00eda Circular se celebra cada dos a\u00f1os en Finlandia. Una de las ideas que se ha puesto sobre la mesa es que no est\u00e1 re\u00f1ido ser una empresa competitiva con una gesti\u00f3n responsable en materias primas y en generaci\u00f3n de residuos. No solo pl\u00e1sticos, sino, tambi\u00e9n, en desperdicio alimentario, residuos textiles\u2026.<\/p>\n<p>En For\u00e9tica, lanzamos en 2017 el Grupo de Acci\u00f3n en Econom\u00eda Circular, con 11 empresas l\u00edderes en sus sectores, para entender c\u00f3mo trasladar o reducir ese reto que supone seguir trabajando en una econom\u00eda lineal a un lenguaje empresarial, articular la colaboraci\u00f3n p\u00fablico-privada y con otros grupos de inter\u00e9s y visibilizar y llamar la atenci\u00f3n de otras empresas hacia la transacci\u00f3n a la econom\u00eda en circular.<\/p>\n<p>Desde ese a\u00f1o, estamos trabajando en tem\u00e1ticas relevantes y tendencias, inspirados en el trabajo del grupo \u2018Factor 10\u2019 del World Business Council for Sustainable Development (WBCSD). El primer a\u00f1o, en el <em>business case<\/em> de la econom\u00eda circular, para incorporar una gesti\u00f3n responsable; el segundo, en c\u00f3mo medir la econom\u00eda circular, y, en 2019, en la nueva econom\u00eda de pl\u00e1sticos -uno de los flujos de residuos en los que m\u00e1s se ha adelantado, por la ambici\u00f3n legislativa, de las empresas y la demanda de los consumidores-.<\/p>\n<p>El Ministerio de Transici\u00f3n Ecol\u00f3gica espa\u00f1ol est\u00e1 trabajando, actualmente, en el primer Plan de Acci\u00f3n Trianual para implementar la estrategia espa\u00f1ola de econom\u00eda circular, que se aprob\u00f3 en junio.<\/p>\n<p><strong>El efecto tractor de las grandes empresas<\/strong><\/p>\n<p>Las grandes empresas son los aliados principales. Lo que hemos visto es el gran poder que tienen en cuanto a efecto tractor para las pymes. Cuanto m\u00e1s aumenten su ambici\u00f3n, m\u00e1s tendr\u00e1n que aumentarla ellas. No se trata solo de reducir emisiones de \u2018alcance 1 y 2\u2019 -vinculadas directamente a la actividad de la empresa-, sino, tambi\u00e9n, las de \u2018alcance 3\u2019, que dependen de tu cadena de proveedores. Tenemos ya ejemplos de grandes empresas que ayudan a sus proveedores a trabajar en esta l\u00ednea, definir estrategias de acci\u00f3n clim\u00e1tica y reducir esos impactos.<\/p>\n<p>En este contexto, es necesario que la sociedad sea el gran aliado. No se puede poner todo el peso en las empresas. Cada persona, como consumidor, elegimos las empresas en las que confiamos y contribuimos a que la sostenibilidad se sit\u00fae como factor competitivo. Todos tenemos la responsabilidad de hacernos las preguntas de si necesitamos todo lo que consumidos y, si lo necesitamos, si podemos llegar a una soluci\u00f3n m\u00e1s sostenible.<\/p>\n<p>La recuperaci\u00f3n de la pandemia va a ser posible solo con modelos sostenibles. Las empresas tienen una responsabilidad extra y estamos en un buen momento para avanzar en los objetivos comunes, a pesar del complejo contexto.<\/p>\n<p>&nbsp;<\/p>\n<p><em>*Elena Ruiz particip\u00f3 en la primera edici\u00f3n de \u2018Econom\u00eda EnCircular Open Week\u2019 se celebr\u00f3 del 10 al 13 de noviembre, en Valencia. El encuentro, organizado por la Asociaci\u00f3n de Dise\u00f1adores de la Comunitat Valenciana (ADCV), con apoyo de la Agencia Valenciana de la Innovaci\u00f3n (AVI), reuni\u00f3 a expertos nacionales e internacionales y empresas que est\u00e1n integrando modelos de negocio, estrategias y soluciones basadas en la econom\u00eda en circular. <a href=\"https:\/\/www.youtube.com\/channel\/UCoHtb3lGdn5oD5BGbzfIUGg\">Puedes acceder a todas las presentaciones y entrevistas pinchando aqu\u00ed.<\/a><\/em><\/p>\n","protected":false},"excerpt":{"rendered":"<p>Elena Ruiz es la responsable del Grupo de Acci\u00f3n en Econom\u00eda Circular de For\u00e9tica, organizaci\u00f3n referente en sostenibilidad y responsabilidad social empresarial en Espa\u00f1a. La entidad se constituy\u00f3 en 1999 y, actualmente, est\u00e1 formada por m\u00e1s de 240 socios, entre empresas, asociaciones, ONG de referencia y socios personales. For\u00e9tica es el representante del World Business [&hellip;]<\/p>\n","protected":false},"author":3,"featured_media":3259,"comment_status":"open","ping_status":"open","sticky":false,"template":"","format":"standard","meta":{"footnotes":""},"categories":[],"tags":[82,209],"class_list":["post-3783","post","type-post","status-publish","format-standard","has-post-thumbnail","hentry","tag-economia-circular-en","tag-rsc-en"],"_links":{"self":[{"href":"https:\/\/encircular.es\/en\/wp-json\/wp\/v2\/posts\/3783\/"}],"collection":[{"href":"https:\/\/encircular.es\/en\/wp-json\/wp\/v2\/posts\/"}],"about":[{"href":"https:\/\/encircular.es\/en\/wp-json\/wp\/v2\/types\/post\/"}],"author":[{"embeddable":true,"href":"https:\/\/encircular.es\/en\/wp-json\/wp\/v2\/users\/3\/"}],"replies":[{"embeddable":true,"href":"https:\/\/encircular.es\/en\/wp-json\/wp\/v2\/comments\/?post=3783"}],"version-history":[{"count":1,"href":"https:\/\/encircular.es\/en\/wp-json\/wp\/v2\/posts\/3783\/revisions\/"}],"predecessor-version":[{"id":3982,"href":"https:\/\/encircular.es\/en\/wp-json\/wp\/v2\/posts\/3783\/revisions\/3982\/"}],"wp:featuredmedia":[{"embeddable":true,"href":"https:\/\/encircular.es\/en\/wp-json\/wp\/v2\/media\/3259\/"}],"wp:attachment":[{"href":"https:\/\/encircular.es\/en\/wp-json\/wp\/v2\/media\/?parent=3783"}],"wp:term":[{"taxonomy":"category","embeddable":true,"href":"https:\/\/encircular.es\/en\/wp-json\/wp\/v2\/categories\/?post=3783"},{"taxonomy":"post_tag","embeddable":true,"href":"https:\/\/encircular.es\/en\/wp-json\/wp\/v2\/tags\/?post=3783"}],"curies":[{"name":"wp","href":"https:\/\/api.w.org\/{rel}","templated":true}]}}