{"id":3785,"date":"2021-01-22T18:18:58","date_gmt":"2021-01-22T17:18:58","guid":{"rendered":"https:\/\/encircular.es\/la-nueva-bauhaus-redisenando-europa-con-base-en-la-economia-circular\/"},"modified":"2021-02-03T10:49:15","modified_gmt":"2021-02-03T09:49:15","slug":"la-nueva-bauhaus-redisenando-europa-con-base-en-la-economia-circular","status":"publish","type":"post","link":"https:\/\/encircular.es\/en\/la-nueva-bauhaus-redisenando-europa-con-base-en-la-economia-circular\/","title":{"rendered":"The New Bauhaus: redesigning Europe based on the circular economy"},"content":{"rendered":"<p>\u201cQuiero que NextGenerationEU impulse una ola de renovaci\u00f3n europea y haga de nuestra Uni\u00f3n un l\u00edder en la econom\u00eda circular\u201d. Esta declaraci\u00f3n de intenciones que puso sobre la mesa la presidenta de la Comisi\u00f3n Europea, Ursula Von der Leyen, el pasado mes de septiembre, est\u00e1 en la base de la Nueva Bauhaus Europea, concebida como &#8220;un proyecto medioambiental, econ\u00f3mico y cultural, cuyo objetivo es combinar el dise\u00f1o, la sostenibilidad, la accesibilidad, la asequibilidad y la inversi\u00f3n\u201d, para contribuir al cumplimiento de los objetivos del European Green Deal (Pacto Verde Europeo), el Acuerdo de Par\u00eds y los Objetivos de Desarrollo Sostenible (ODS) de la Agenda 2030, mejorando la vida de las personas.<\/p>\n<p>Econom\u00eda circular, ecodise\u00f1o, eficiencia energ\u00e9tica, innovaci\u00f3n digital, accesibilidad universal, movilidad sostenible y adaptada, aparecen entre los ingredientes clave en la f\u00f3rmula para la recuperaci\u00f3n de la actividad y el empleo en la econom\u00eda europea tras la crisis provocada por la pandemia del Covid-19.<\/p>\n<p>Pero, la estrategia aprobada por las autoridades comunitarias va m\u00e1s all\u00e1: no se habla solo de recuperaci\u00f3n, sino de reconstrucci\u00f3n, de redise\u00f1o de los entornos urbanos, del sistema econ\u00f3mico, de las formas de producir y consumir, y del modo de vida de los ciudadanos. En definitiva, de un cambio de paradigma que no se limita a lo econ\u00f3mico y medioambiental, sino que abarca, tambi\u00e9n, el \u00e1mbito social y cultural.<\/p>\n<p>&#8220;Nuestros niveles de consumo de materiales, energ\u00eda, agua, comida y tierra no son sostenibles. Necesitamos cambiar c\u00f3mo tratamos a la naturaleza, c\u00f3mo producimos y consumimos, vivimos, trabajamos, comemos, nos calentamos, viajamos y nos transportamos\u201d, subray\u00f3 Von der Leyen.<\/p>\n<p>La dotaci\u00f3n aprobada para el plan de reconstrucci\u00f3n de Europa en el marco de la pandemia, NextGenerationEU -por importe inicial de 750.000 millones de euros-, permitir\u00e1 abordar inversiones en nuevos proyectos, desarrollos tecnol\u00f3gicos, rehabilitaci\u00f3n y reformas urbanas e I+D.<\/p>\n<p>Parte de esos proyectos ser\u00e1n dise\u00f1ados y gestionados en el marco de la Nueva Bauhaus Europea.<\/p>\n<p><strong><em>Co-creaci\u00f3n y dise\u00f1o<\/em><\/strong><\/p>\n<p>El alcance y ambici\u00f3n del proyecto queda patente ya en la decisi\u00f3n estrat\u00e9gica de vincularlo con la m\u00edtica Escuela Bauhaus -creada en 1919 por el arquitecto Walter Gropius en Weimar y cerrada en 1933, por decisi\u00f3n las autoridades nazis-, movimiento que reuni\u00f3 a algunos de los grandes arquitectos, dise\u00f1adores y creativos de la \u00e9poca y provoc\u00f3 una revoluci\u00f3n en el panorama cultural y urbano, sentando las bases de los movimientos modernos en dise\u00f1o y arquitectura.<\/p>\n<p>&#8220;Sostenibilidad, inclusi\u00f3n y est\u00e9tica&#8221; se posicionan como los valores fundamentales en esta nueva etapa de la instituci\u00f3n, que centra su foco en las personas.<\/p>\n<p>Esta orientaci\u00f3n tiene su reflejo en la propia concepci\u00f3n del proyecto. En su primera fase, la Comisi\u00f3n Europea ha puesto en marcha un procedimiento innovador de di\u00e1logo social y co-creaci\u00f3n, &#8220;inclusivo y colectivo&#8221;, abierto a todo tipo de actores y aportaciones -Gobiernos, organismos e instituciones p\u00fablicas y privadas, empresas, cient\u00edficos, creativos, dise\u00f1adores, arquitectos, constructores, ingenieros, estudiantes, emprendedores&#8230; y personas a t\u00edtulo particular-. Para facilitar este proceso y garantizar su accesibilidad, <a href=\"https:\/\/europa.eu\/new-european-bauhaus\/index_es\">se ha habilitado una p\u00e1gina web oficial<\/a><\/p>\n<p>&nbsp;<\/p>\n<p><img loading=\"lazy\" decoding=\"async\" class=\"wp-image-3708 aligncenter\" src=\"https:\/\/encircular.es\/wp-content\/uploads\/2021\/01\/bauhaus-300x189.jpg\" alt=\"\" width=\"658\" height=\"414\" srcset=\"https:\/\/encircular.es\/wp-content\/uploads\/2021\/01\/bauhaus-300x189.jpg 300w, https:\/\/encircular.es\/wp-content\/uploads\/2021\/01\/bauhaus-768x484.jpg 768w, https:\/\/encircular.es\/wp-content\/uploads\/2021\/01\/bauhaus.jpg 966w\" sizes=\"auto, (max-width: 658px) 100vw, 658px\" \/><\/p>\n<p>&nbsp;<\/p>\n<p>\u201cAl ser un puente entre el mundo del arte y la cultura, por un lado, y el mundo de la ciencia y la tecnolog\u00eda, por el otro, nos aseguraremos de involucrar a la sociedad en su conjunto: nuestros artistas, nuestros estudiantes, nuestros arquitectos, nuestros ingenieros, nuestra academia,&#8230;nuestros innovadores. Dar\u00e1 inicio a un cambio sist\u00e9mico&#8221;, subraya Mariya Gabriel, Comisaria de Innovaci\u00f3n, Investigaci\u00f3n, Cultura, Educaci\u00f3n y Juventud. Se trabajar\u00e1n objetivos a corto, medio y largo plazo, para garantizar la continuidad del proyecto.<\/p>\n<p>En base a las propuestas recibidas en este proceso de co-creaci\u00f3n, &#8220;se dar\u00e1 forma al concepto, mediante la exploraci\u00f3n de ideas, la identificaci\u00f3n de las necesidades y los desaf\u00edos m\u00e1s urgentes y la conexi\u00f3n de las partes interesadas\u201d. Se trabajar\u00e1n objetivos a corto, medio y largo plazo, para garantizar la continuidad del proyecto.<\/p>\n<p>Adem\u00e1s, se crea la figura de &#8216;Socios de la Nueva Bauhaus Europea&#8217;, a la que podr\u00e1n acogerse aquellos actores que deseen implicarse en mayor medida en la ejecuci\u00f3n de los proyectos.<\/p>\n<p>Enmarcada en esta primera fase, en primavera se lanzar\u00e1 la convocatoria de la primera edici\u00f3n del &#8216;Premio Nueva Bauhaus Europea&#8217;, destinada a reconocer &#8220;ejemplos ya existentes de integraci\u00f3n de los valores clave de la iniciativa que puedan estimular el debate sobre los lugares en los que vivimos y su transformaci\u00f3n&#8221;.<\/p>\n<p>En oto\u00f1o arrancar\u00e1 la segunda etapa, con \u201cla publicaci\u00f3n de convocatorias de propuestas para dar vida a las ideas de la Nueva Bauhaus Europea al menos en cinco lugares de los Estados miembros de la UE, para lo que se recurrir\u00e1 a los fondos de la UE a nivel nacional y regional&#8221;, seg\u00fan detalla la Comisi\u00f3n Europea.<\/p>\n<p><em><strong>Puente entre ideas y cambio real<\/strong><\/em><\/p>\n<p>\u201cSi queremos que las cosas cambien verdaderamente a nuestro alrededor, si queremos llevar una vida m\u00e1s plena y sostenible, tenemos que pensar c\u00f3mo la Nueva Bauhaus Europea puede servir de puente entre la concepci\u00f3n de ideas nuevas y su puesta en pr\u00e1ctica en lugares f\u00edsicos. Con ese fin, estamos explorando, en todos los departamentos de la Comisi\u00f3n, la forma de movilizar nuestras herramientas para iniciar un conjunto concreto de medidas de la Nueva Bauhaus Europea&#8221;, apunt\u00f3 Elisa Ferreira, comisaria de Cohesi\u00f3n y Reformas.<\/p>\n<p>En una tercera fase, &#8220;de difusi\u00f3n&#8221;, se trabajar\u00e1 para &#8220;propagar las ideas y conceptos que definen la Nueva Bauhaus Europea, a trav\u00e9s de nuevos proyectos, creaci\u00f3n de redes y puesta en com\u00fan de conocimientos, tanto dentro como fuera de Europa&#8221;.<\/p>\n<p>Enlaza as\u00ed de nuevo, cerrando el c\u00edrculo, con la Agenda 2030 de Desarrollo Sostenible, que plantea la corresponsabilidad de agentes y de territorios para avanzar en la soluci\u00f3n a los grandes retos que afronta la humanidad y consolidar un mundo m\u00e1s eficiente, sostenible y justo para todos.<\/p>\n<p>&nbsp;<\/p>\n","protected":false},"excerpt":{"rendered":"<p>\u201cQuiero que NextGenerationEU impulse una ola de renovaci\u00f3n europea y haga de nuestra Uni\u00f3n un l\u00edder en la econom\u00eda circular\u201d. Esta declaraci\u00f3n de intenciones que puso sobre la mesa la presidenta de la Comisi\u00f3n Europea, Ursula Von der Leyen, el pasado mes de septiembre, est\u00e1 en la base de la Nueva Bauhaus Europea, concebida como [&hellip;]<\/p>\n","protected":false},"author":3,"featured_media":3707,"comment_status":"open","ping_status":"open","sticky":false,"template":"","format":"standard","meta":{"footnotes":""},"categories":[81],"tags":[217,218,219,220,221,82,83,84,88,172,216],"class_list":["post-3785","post","type-post","status-publish","format-standard","has-post-thumbnail","hentry","category-ecosystem-blogcom-en","tag-bauhaus-en","tag-estrategia-europea-en","tag-green-deal-en","tag-new-european-bauhaus-en","tag-nueva-bauhaus-en","tag-economia-circular-en","tag-agenda-2030-en","tag-ods-en","tag-sostenibilidad-en","tag-ecodiseno-en","tag-acuerdo-de-paris-en"],"_links":{"self":[{"href":"https:\/\/encircular.es\/en\/wp-json\/wp\/v2\/posts\/3785\/"}],"collection":[{"href":"https:\/\/encircular.es\/en\/wp-json\/wp\/v2\/posts\/"}],"about":[{"href":"https:\/\/encircular.es\/en\/wp-json\/wp\/v2\/types\/post\/"}],"author":[{"embeddable":true,"href":"https:\/\/encircular.es\/en\/wp-json\/wp\/v2\/users\/3\/"}],"replies":[{"embeddable":true,"href":"https:\/\/encircular.es\/en\/wp-json\/wp\/v2\/comments\/?post=3785"}],"version-history":[{"count":1,"href":"https:\/\/encircular.es\/en\/wp-json\/wp\/v2\/posts\/3785\/revisions\/"}],"predecessor-version":[{"id":3998,"href":"https:\/\/encircular.es\/en\/wp-json\/wp\/v2\/posts\/3785\/revisions\/3998\/"}],"wp:featuredmedia":[{"embeddable":true,"href":"https:\/\/encircular.es\/en\/wp-json\/wp\/v2\/media\/3707\/"}],"wp:attachment":[{"href":"https:\/\/encircular.es\/en\/wp-json\/wp\/v2\/media\/?parent=3785"}],"wp:term":[{"taxonomy":"category","embeddable":true,"href":"https:\/\/encircular.es\/en\/wp-json\/wp\/v2\/categories\/?post=3785"},{"taxonomy":"post_tag","embeddable":true,"href":"https:\/\/encircular.es\/en\/wp-json\/wp\/v2\/tags\/?post=3785"}],"curies":[{"name":"wp","href":"https:\/\/api.w.org\/{rel}","templated":true}]}}