{"id":4376,"date":"2021-03-17T11:31:20","date_gmt":"2021-03-17T10:31:20","guid":{"rendered":"https:\/\/encircular.es\/especializacion-en-circular-el-diseno-como-amplificador-de-la-conciencia-ambiental\/"},"modified":"2022-03-18T11:59:16","modified_gmt":"2022-03-18T10:59:16","slug":"especializacion-en-circular-el-diseno-como-amplificador-de-la-conciencia-ambiental","status":"publish","type":"post","link":"https:\/\/encircular.es\/en\/especializacion-en-circular-el-diseno-como-amplificador-de-la-conciencia-ambiental\/","title":{"rendered":"&#8216;Circular specialisation&#8217;. Design as an amplifier of environmental awareness"},"content":{"rendered":"<p><em>Carlos San Jos\u00e9, dise\u00f1ador industrial especializado en cocreaci\u00f3n estrat\u00e9gica, es fundador y director de Circular Design Factory, empresa especializada en ecodise\u00f1o y econom\u00eda circular, que desarrolla soluciones concretas (configuraci\u00f3n formal y funcional, materiales, tecnolog\u00edas de fabricaci\u00f3n y acabados\u2026) para conseguir productos con menor impacto negativo en el medio ambiente y que permitan incrementar la competitividad de sus clientes. Carlos San Jos\u00e9 particip\u00f3 en la primera edici\u00f3n de \u2018Econom\u00eda EnCircular Open Week\u2019*.<\/em><\/p>\n<p>Actualmente, entre el 8,6% y el 9% de la econom\u00eda mundial es circular. Es un porcentaje bajo, pero, siendo bajo sobre el total de la econom\u00eda, puede constituir una buena base, tiene ya una cierta introducci\u00f3n, que unida a la tendencia al alza en concienciaci\u00f3n e implementaci\u00f3n me animan a ser optimista.<\/p>\n<p>El 22 de agosto fue, en 2020, el d\u00eda del agotamiento de los recursos que la naturaleza es capaz de regenerar cada a\u00f1o. Cada a\u00f1o se va adelantando. Con la pandemia, se ha retrasado un poco; si no estuvi\u00e9semos en esta situaci\u00f3n de crisis, se habr\u00eda situado en junio.<\/p>\n<p>Cada vez m\u00e1s indicadores demuestran que realmente tenemos un problema existencial, de insostenibilidad en el consumo de recursos e impactos en el medio ambiente. Existe una preocupaci\u00f3n y voluntad real, en diferentes rangos y con diferentes responsabilidades, por parte de gobiernos, empresas y organismos multinacionales. Desde la ONU a las diferentes cumbres sobre el cambio clim\u00e1tico, planes y directivas de la UE (Green Deal, planes de econom\u00eda circular,\u2026), ley de residuos, estrategias de reducci\u00f3n de uso de pl\u00e1sticos,\u2026 Somos conscientes de que tenemos que cambiar la manera de hacer las cosas, introducir lo m\u00e1s r\u00e1pido posible nuevas t\u00e1cticas y nuevas maneras de entender nuestro d\u00eda a d\u00eda. Europa quiere ser primer continente clim\u00e1ticamente neutro; es un objetivo muy ambicioso que exige el compromiso de todos los agentes implicados.<\/p>\n<p><iframe loading=\"lazy\" src=\"https:\/\/www.youtube.com\/embed\/YF-2fKZseDc\" width=\"903\" height=\"508\" frameborder=\"0\" allowfullscreen=\"allowfullscreen\"><\/iframe><\/p>\n<p>Todos tenemos que ser conscientes de que cualquier actuaci\u00f3n conlleva consecuencias en sostenibilidad econ\u00f3mica, social y medioambiental. Y de que es dif\u00edcil avanzar en una sin afectar al resto. Todo el mundo puede ser circular. El impacto o alcance no ser\u00e1 el mismo seg\u00fan sea mi d\u00eda a d\u00eda o a qu\u00e9 me dedique, pero hay muchos gestos diarios, muchos momentos, en los que podemos aplicar reglas muy sencillas para poder ser circular. Muchas de las iniciativas parten del propio ciudadano, que, de manera particular o asociativa, est\u00e1 marcando caminos de cambio. Algunas de alcance m\u00e1s modesto y otras extrapolables a pol\u00edticas de pymes y grandes empresas.<\/p>\n<p>Los ejemplos a los que tenemos acceso nos dicen, desde diferentes \u00e1mbitos, que ya est\u00e1 cambiando la manera de producir y de afrontar nuestra actividad. Por ejemplo, la mayor gestora de fondos del mundo, BlackRock, ya exige que cualquier inversi\u00f3n cumpla criterios de sostenibilidad, y las grandes empresas, las grandes marcas, est\u00e1n anunciando medidas para reducir su impacto ambiental.<\/p>\n<p><strong>La suma de peque\u00f1as acciones<\/strong><\/p>\n<p>Tenemos que ser conscientes de que, muchas veces, es dif\u00edcil cambiar la cultura, las din\u00e1micas, la maquinaria\u2026 Es posible avanzar lo m\u00e1s r\u00e1pidamente posible teniendo la visi\u00f3n de hacia d\u00f3nde queremos llegar, pero tenemos que ir implementando peque\u00f1as mejoras que son de f\u00e1cil aplicaci\u00f3n y que sumadas a actuaciones de otro sentido realmente har\u00e1n el cambio.<\/p>\n<p>En este sentido, destacamos el papel clave del dise\u00f1o. Gran parte de los impactos de la actividad econ\u00f3mica del hombre se habr\u00edan evitado si nos hubi\u00e9semos parado en la concepci\u00f3n. Con conocimiento t\u00e9cnico, de materiales, design thinking,\u2026 aproximaciones y herramientas que aplican la mayor\u00eda de dise\u00f1adores que salen de las escuelas y desarrollan su trabajo en diferentes \u00e1mbitos. Es una oportunidad fant\u00e1stica de colaborar a que el planeta pueda ser m\u00e1s sostenible, con soluciones que permitan una reducci\u00f3n del consumo de recursos, de impactos, de emisiones, generaci\u00f3n de empleo local (pensar desde lo cercano, lo pr\u00f3ximo, hablando de materias primas, energ\u00eda y ciclo de vida completo).<\/p>\n<p>Cuando hablamos de sostenibilidad ambiental vinculada al dise\u00f1o, hay \u00e1reas que exigen conocimiento espec\u00edfico. Desde el momento en que empezamos a pensar c\u00f3mo va a ser un producto, necesitamos incorporar par\u00e1metros o estrategias en ese sentido.<\/p>\n<p>Hace unas semanas se present\u00f3 el Plan de Recuperaci\u00f3n, Transformaci\u00f3n y Resiliencia en Espa\u00f1a -entre cuyos ejes principales, est\u00e1 la transici\u00f3n ecol\u00f3gica- y el 70% de directores ejecutivos de empresas cree que demostrar el compromiso social y medioambiental es un factor de competencia. En muchos proyectos de econom\u00eda circular, se consiguen ahorros econ\u00f3micos, incluso, una fuente adicional de ingresos. Los resultados en t\u00e9rminos de visibilidad, reputaci\u00f3n, reconocimiento de marca, acceso a mercados y a financiaci\u00f3n\u2026son factores motivadores m\u00e1s que suficientes como para empezar, el que a\u00fan no lo haya hecho, este recorrido.<\/p>\n<p><strong>Evaluar para mejorar<\/strong><\/p>\n<p>Compaginar grandes revoluciones, m\u00e1s costosas a todos los niveles, con peque\u00f1as revoluciones, peque\u00f1as iniciativas, que permitan esa l\u00ednea de progresi\u00f3n, siempre supondr\u00e1 un mayor reconocimiento que la actitud de aquella empresa o instituci\u00f3n que siga estancada en par\u00e1metros de econom\u00eda cl\u00e1sicos, asociada a impactos de dif\u00edcil recuperaci\u00f3n.<\/p>\n<p>Existen ya diferentes herramientas para conocer el impacto ambiental del producto que estamos dise\u00f1ando. Hace falta conocer todas las etapas del ciclo de vida: d\u00f3nde hay posibilidad de mejora y priorizar los proyectos a poner en marcha, incorporando la variable medioambiental. Encontrar maneras de reducir los impactos, de hacer las cosas mejor y hacerlo de la mano de los profesionales del dise\u00f1o, que pueden ayudar a introducir esa manera creativa, funcional y emocional de abordar los proyectos.<\/p>\n<p>&nbsp;<\/p>\n<p><em>*La primera edici\u00f3n de \u2018Econom\u00eda EnCircular Open Week\u2019 se celebr\u00f3 del 10 al 13 de noviembre de 2020, en Valencia. El encuentro, organizado por la Asociaci\u00f3n de Dise\u00f1adores de la Comunitat Valenciana (ADCV), con apoyo de la Agencia Valenciana de la Innovaci\u00f3n (AVI), reuni\u00f3 a expertos nacionales e internacionales y empresas que est\u00e1n integrando modelos de negocio, estrategias y soluciones basadas en la econom\u00eda en circular. <a href=\"https:\/\/www.youtube.com\/channel\/UCoHtb3lGdn5oD5BGbzfIUGg\">Puedes acceder a todas las presentaciones y entrevistas pinchando aqu\u00ed.<\/a><\/em><\/p>\n","protected":false},"excerpt":{"rendered":"<p>Carlos San Jos\u00e9, dise\u00f1ador industrial especializado en cocreaci\u00f3n estrat\u00e9gica, es fundador y director de Circular Design Factory, empresa especializada en ecodise\u00f1o y econom\u00eda circular, que desarrolla soluciones concretas (configuraci\u00f3n formal y funcional, materiales, tecnolog\u00edas de fabricaci\u00f3n y acabados\u2026) para conseguir productos con menor impacto negativo en el medio ambiente y que permitan incrementar la competitividad [&hellip;]<\/p>\n","protected":false},"author":3,"featured_media":3287,"comment_status":"open","ping_status":"open","sticky":false,"template":"","format":"standard","meta":{"footnotes":""},"categories":[276],"tags":[82,198],"class_list":["post-4376","post","type-post","status-publish","format-standard","has-post-thumbnail","hentry","category-open-week-en-2-blogcom-en","tag-economia-circular-en","tag-creatividad-en"],"_links":{"self":[{"href":"https:\/\/encircular.es\/en\/wp-json\/wp\/v2\/posts\/4376\/"}],"collection":[{"href":"https:\/\/encircular.es\/en\/wp-json\/wp\/v2\/posts\/"}],"about":[{"href":"https:\/\/encircular.es\/en\/wp-json\/wp\/v2\/types\/post\/"}],"author":[{"embeddable":true,"href":"https:\/\/encircular.es\/en\/wp-json\/wp\/v2\/users\/3\/"}],"replies":[{"embeddable":true,"href":"https:\/\/encircular.es\/en\/wp-json\/wp\/v2\/comments\/?post=4376"}],"version-history":[{"count":1,"href":"https:\/\/encircular.es\/en\/wp-json\/wp\/v2\/posts\/4376\/revisions\/"}],"predecessor-version":[{"id":4379,"href":"https:\/\/encircular.es\/en\/wp-json\/wp\/v2\/posts\/4376\/revisions\/4379\/"}],"wp:featuredmedia":[{"embeddable":true,"href":"https:\/\/encircular.es\/en\/wp-json\/wp\/v2\/media\/3287\/"}],"wp:attachment":[{"href":"https:\/\/encircular.es\/en\/wp-json\/wp\/v2\/media\/?parent=4376"}],"wp:term":[{"taxonomy":"category","embeddable":true,"href":"https:\/\/encircular.es\/en\/wp-json\/wp\/v2\/categories\/?post=4376"},{"taxonomy":"post_tag","embeddable":true,"href":"https:\/\/encircular.es\/en\/wp-json\/wp\/v2\/tags\/?post=4376"}],"curies":[{"name":"wp","href":"https:\/\/api.w.org\/{rel}","templated":true}]}}