{"id":6384,"date":"2022-04-22T09:36:04","date_gmt":"2022-04-22T07:36:04","guid":{"rendered":"https:\/\/encircular.es\/?p=6384"},"modified":"2022-08-25T18:31:52","modified_gmt":"2022-08-25T16:31:52","slug":"decalogo-del-grupo-de-economia-circular-de-cotec-para-impulsar-la-reparacion-y-reutilizacion","status":"publish","type":"post","link":"https:\/\/encircular.es\/en\/decalogo-del-grupo-de-economia-circular-de-cotec-para-impulsar-la-reparacion-y-reutilizacion\/","title":{"rendered":"Decalogue of Cotec&#8217;s Circular Economy group to boost repair and reuse"},"content":{"rendered":"<p>El Grupo de Trabajo sobre Econom\u00eda Circular y Derecho a Reparar de la Fundaci\u00f3n Cotec ha elaborado un dec\u00e1logo de medidas prioritarias para implantar e impulsar, de forma efectiva, las estrategias de reutilizaci\u00f3n y econom\u00eda circular, para evolucionar hacia un nuevo modelo de producci\u00f3n y consumo m\u00e1s sostenible.<\/p>\n<p>Entre ellas, se incluyen alternativas para impulsar el uso y demanda de materiales reutilizados, se proponen acciones atractivas, econ\u00f3micas y sostenibles a la hora de comprar nuevos productos, y se promueve la generaci\u00f3n de un ecosistema de empleo verde en torno a la reutilizaci\u00f3n.<\/p>\n<p>Cotec reconoce que se han producido avances normativos a nivel europeo, pero apunta a que &#8220;su aplicaci\u00f3n en cada pa\u00eds es desigual, a falta de crear un est\u00e1ndar comunitario&#8221;.<\/p>\n<h1>Las diez medida por el &#8216;Derecho a reparar&#8217;<\/h1>\n<p>1.Armonizaci\u00f3n y simplificaci\u00f3n regulatoria entre administraciones.<\/p>\n<p>2.Cambios en el tratamiento fiscal a las actividades de reparaci\u00f3n y reutilizaci\u00f3n.<\/p>\n<p>3.Etiquetado de reparaci\u00f3n.<\/p>\n<p>4.Etiquetado \u00fanico de reparabilidad para productos tecnol\u00f3gicos en la UE.<\/p>\n<p>5.Consolidaci\u00f3n de nuevas iniciativas de empleo verde enfocadas en la reparaci\u00f3n y la reutilizaci\u00f3n en territorios rurales.<\/p>\n<p>6.Creaci\u00f3n de un cl\u00faster de innovaci\u00f3n abierta.<\/p>\n<p>7.Campa\u00f1as de concienciaci\u00f3n en torno a la necesidad de un cambio de modelo.<\/p>\n<p>8.Creaci\u00f3n de un pasaporte electr\u00f3nico que recoja la trazabilidad, durabilidad y reparabilidad del producto.<\/p>\n<p>9.Incorporaci\u00f3n de criterios de reutilizaci\u00f3n y circularidad en las licitaciones p\u00fablicas.<\/p>\n<p>10.Vinculaci\u00f3n de la responsabilidad del fabricante en el derecho a reparar.<\/p>\n<p>&nbsp;<\/p>\n<p><strong><em><a href=\"https:\/\/cotec.es\/proyecto\/el-derecho-a-reparar\/badde714-b500-8361-a8da-4bf80bedd092\" target=\"_blank\" rel=\"noopener noreferrer\">ACCESO AL INFORME DE COTEC, EN ESTE LINK.<\/a><\/em><\/strong><\/p>\n","protected":false},"excerpt":{"rendered":"<p>El Grupo de Trabajo sobre Econom\u00eda Circular y Derecho a Reparar de la Fundaci\u00f3n Cotec ha elaborado un dec\u00e1logo de medidas prioritarias para implantar e impulsar, de forma efectiva, las estrategias de reutilizaci\u00f3n y econom\u00eda circular, para evolucionar hacia un nuevo modelo de producci\u00f3n y consumo m\u00e1s sostenible. Entre ellas, se incluyen alternativas para impulsar [&hellip;]<\/p>\n","protected":false},"author":3,"featured_media":6386,"comment_status":"open","ping_status":"open","sticky":false,"template":"","format":"standard","meta":{"footnotes":""},"categories":[81],"tags":[],"class_list":["post-6384","post","type-post","status-publish","format-standard","has-post-thumbnail","hentry","category-ecosystem-blogcom-en"],"_links":{"self":[{"href":"https:\/\/encircular.es\/en\/wp-json\/wp\/v2\/posts\/6384\/"}],"collection":[{"href":"https:\/\/encircular.es\/en\/wp-json\/wp\/v2\/posts\/"}],"about":[{"href":"https:\/\/encircular.es\/en\/wp-json\/wp\/v2\/types\/post\/"}],"author":[{"embeddable":true,"href":"https:\/\/encircular.es\/en\/wp-json\/wp\/v2\/users\/3\/"}],"replies":[{"embeddable":true,"href":"https:\/\/encircular.es\/en\/wp-json\/wp\/v2\/comments\/?post=6384"}],"version-history":[{"count":4,"href":"https:\/\/encircular.es\/en\/wp-json\/wp\/v2\/posts\/6384\/revisions\/"}],"predecessor-version":[{"id":6661,"href":"https:\/\/encircular.es\/en\/wp-json\/wp\/v2\/posts\/6384\/revisions\/6661\/"}],"wp:featuredmedia":[{"embeddable":true,"href":"https:\/\/encircular.es\/en\/wp-json\/wp\/v2\/media\/6386\/"}],"wp:attachment":[{"href":"https:\/\/encircular.es\/en\/wp-json\/wp\/v2\/media\/?parent=6384"}],"wp:term":[{"taxonomy":"category","embeddable":true,"href":"https:\/\/encircular.es\/en\/wp-json\/wp\/v2\/categories\/?post=6384"},{"taxonomy":"post_tag","embeddable":true,"href":"https:\/\/encircular.es\/en\/wp-json\/wp\/v2\/tags\/?post=6384"}],"curies":[{"name":"wp","href":"https:\/\/api.w.org\/{rel}","templated":true}]}}