{"id":7940,"date":"2024-04-30T12:43:54","date_gmt":"2024-04-30T10:43:54","guid":{"rendered":"https:\/\/encircular.es\/la-fundacion-biodiversidad-lanza-una-convocatoria-de-subvenciones-para-economia-circular-en-textil-y-calzado-por-975-millones\/"},"modified":"2024-07-30T13:38:17","modified_gmt":"2024-07-30T11:38:17","slug":"la-fundacion-biodiversidad-lanza-una-convocatoria-de-subvenciones-para-economia-circular-en-textil-y-calzado-por-975-millones","status":"publish","type":"post","link":"https:\/\/encircular.es\/en\/la-fundacion-biodiversidad-lanza-una-convocatoria-de-subvenciones-para-economia-circular-en-textil-y-calzado-por-975-millones\/","title":{"rendered":"Fundaci\u00f3n Biodiversidad launches a call for grants for circular economy in textile and footwear for 97.5 million"},"content":{"rendered":"<p>La Fundaci\u00f3n Biodiversidad, dependiente del Ministerio para la Transici\u00f3n Ecol\u00f3gica y el Reto Demogr\u00e1fico (MITECO), ha lanzado una nueva convocatoria de subvenciones para el impulso de la econom\u00eda circular en el sector del textil, de la moda y la confecci\u00f3n, y del calzado, en el marco del del Plan de Recuperaci\u00f3n, Transformaci\u00f3n y Resiliencia (PRTR), financiado por la Uni\u00f3n Europea &#8211; NextGenerationEU. Su dotaci\u00f3n es de 97,5 millones de euros y permitir\u00e1 financiar las mejores iniciativas seleccionadas, con importes que van desde los 100.000 euros hasta 10 millones por proyecto y entidad beneficiaria.<\/p>\n<p>Esta convocatoria busca alinearse con la Estrategia europea para la circularidad y sostenibilidad de los productos textiles, y con la Estrategia Espa\u00f1ola de Econom\u00eda Circular para reducir la presencia de sustancias peligrosas en los tejidos, evitar la liberaci\u00f3n de micropl\u00e1sticos, propiciar la durabilidad de los tejidos, o fomentar la reutilizaci\u00f3n y el reciclaje en ciclos cerrados, promoviendo modelos circulares.<\/p>\n<p>Asimismo, la convocatoria incluye la adquisici\u00f3n de herramientas digitales con el prop\u00f3sito de disminuir la generaci\u00f3n de residuos pre-consumo, desde el prototipado hasta el stock muerto, pasando por retales de corte, sobrantes de producci\u00f3n y residuos post-consumo generados, por ejemplo, en las devoluciones de la ropa; tambi\u00e9n el fomento de la fabricaci\u00f3n personalizada por encargo y, por ende, mejorar la eficiencia de los procesos industriales y reducir la huella de carbono, h\u00eddrica y de materiales de este sector.<\/p>\n<p>En definitiva, la finalidad de estas ayudas es el fomento de la sostenibilidad y circularidad de los procesos industriales y empresariales para mejorar la competitividad y la innovaci\u00f3n del textil y la moda, en el marco de una econom\u00eda circular, que supere el anterior modelo de producci\u00f3n lineal.<\/p>\n<p>El plazo de presentaci\u00f3n de candidaturas se extender\u00e1 hasta el 10 de junio. Pueden optar a estas ayudas las actuaciones que, en los sectores del textil y la moda y la confecci\u00f3n y del calzado, reduzcan el consumo de materias primas v\u00edrgenes, disminuyan la generaci\u00f3n de residuos y\/o mejoren la gesti\u00f3n de los mismos contribuyendo de forma sustancial a la transici\u00f3n hacia una econom\u00eda circular en una de las siguientes categor\u00edas: investigaci\u00f3n y desarrollo para el ecodise\u00f1o; digitalizaci\u00f3n para innovar en materia de procesos y organizaci\u00f3n; incremento del nivel de protecci\u00f3n medioambiental de la entidad beneficiaria receptora de la ayuda; y\/o mejora de la gesti\u00f3n de residuos procedentes de terceros.<\/p>\n<p>Est\u00e1 previsto que la convocatoria se resuelva a finales de 2024. Todos los proyectos seleccionados deber\u00e1n concluir, como m\u00e1ximo, el 30 de junio de 2027.<\/p>\n<p><strong>Apuesta por la econom\u00eda circular<\/strong><\/p>\n<p>La Estrategia Espa\u00f1ola de Econom\u00eda Circular (EEEC), Espa\u00f1a Circular 2030, aprobada en junio de 2020, sienta las bases para impulsar un nuevo modelo de producci\u00f3n y consumo en el que el valor de productos, materiales y recursos se mantengan en la econom\u00eda durante el mayor tiempo posible, en la que se reduzcan al m\u00ednimo la extracci\u00f3n de recursos y la generaci\u00f3n de residuos y se aprovechen con el mayor alcance posible los que no se pueden evitar.<\/p>\n<p>El Plan Estrat\u00e9gico para la Recuperaci\u00f3n, Transformaci\u00f3n y Resiliencia en Econom\u00eda Circular (PERTE EC), aprobado en mayo de 2022 mediante el Acuerdo del Consejo de Ministros, identifica el sector textil como prioritario y estrat\u00e9gico para Espa\u00f1a a tenor del dinamismo del sector textil, de la moda y confecci\u00f3n y calzado en parte vinculado a modelos de producci\u00f3n y consumo insostenibles asociados a altos impactos ambientales marcados por bajos \u00edndices de uso, reutilizaci\u00f3n, reparaci\u00f3n e integraci\u00f3n de nuevas tecnolog\u00edas que permita el reciclaje de alta calidad.<\/p>\n<p>As\u00ed pues, el sector textil y de la moda y el calzado contribuy\u00f3 con un 2,7% al Producto Interior Bruto espa\u00f1ol en el a\u00f1o 2022, siendo Espa\u00f1a uno de los pocos pa\u00edses de la Uni\u00f3n Europea que dispone de una industria de cabecera que incluye la preparaci\u00f3n de fibras, hilatura, tejedur\u00eda, tintura y acabados, estampaci\u00f3n y acabado, as\u00ed como confeccionistas y empresas l\u00edderes a nivel global.<\/p>\n<p>En la UE, el consumo de productos textiles, la mayor\u00eda de los cuales son importados, representa hoy por hoy, por t\u00e9rmino medio, el cuarto mayor impacto negativo sobre el medio ambiente y el cambio clim\u00e1tico, y el tercero m\u00e1s elevado en el uso del agua y del suelo desde la perspectiva del ciclo de vida a escala global. Cada a\u00f1o se desechan alrededor de 5,8 millones de toneladas de productos textiles en la UE, 900.000 toneladas solo en Espa\u00f1a donde cada persona desecha alrededor de 20 kilos de ropa al a\u00f1o.<\/p>\n<p><em><strong><a href=\"https:\/\/www.miteco.gob.es\/es\/prensa\/ultimas-noticias\/2024\/abril\/el-miteco-destina-97-5-millones-para-impulsar-la-circularidad-y-.html\" target=\"_blank\" rel=\"noopener noreferrer\">COMUNICADO ORIGINAL DEL MITECO, AQU\u00cd.<\/a><\/strong><\/em><\/p>\n","protected":false},"excerpt":{"rendered":"<p>La Fundaci\u00f3n Biodiversidad, dependiente del Ministerio para la Transici\u00f3n Ecol\u00f3gica y el Reto Demogr\u00e1fico (MITECO), ha lanzado una nueva convocatoria de subvenciones para el impulso de la econom\u00eda circular en el sector del textil, de la moda y la confecci\u00f3n, y del calzado, en el marco del del Plan de Recuperaci\u00f3n, Transformaci\u00f3n y Resiliencia (PRTR), [&hellip;]<\/p>\n","protected":false},"author":3,"featured_media":7886,"comment_status":"closed","ping_status":"closed","sticky":false,"template":"","format":"standard","meta":{"footnotes":""},"categories":[278,366],"tags":[],"class_list":["post-7940","post","type-post","status-publish","format-standard","has-post-thumbnail","hentry","category-al-dia-en","category-blogcom-en"],"_links":{"self":[{"href":"https:\/\/encircular.es\/en\/wp-json\/wp\/v2\/posts\/7940\/"}],"collection":[{"href":"https:\/\/encircular.es\/en\/wp-json\/wp\/v2\/posts\/"}],"about":[{"href":"https:\/\/encircular.es\/en\/wp-json\/wp\/v2\/types\/post\/"}],"author":[{"embeddable":true,"href":"https:\/\/encircular.es\/en\/wp-json\/wp\/v2\/users\/3\/"}],"replies":[{"embeddable":true,"href":"https:\/\/encircular.es\/en\/wp-json\/wp\/v2\/comments\/?post=7940"}],"version-history":[{"count":1,"href":"https:\/\/encircular.es\/en\/wp-json\/wp\/v2\/posts\/7940\/revisions\/"}],"predecessor-version":[{"id":8132,"href":"https:\/\/encircular.es\/en\/wp-json\/wp\/v2\/posts\/7940\/revisions\/8132\/"}],"wp:featuredmedia":[{"embeddable":true,"href":"https:\/\/encircular.es\/en\/wp-json\/wp\/v2\/media\/7886\/"}],"wp:attachment":[{"href":"https:\/\/encircular.es\/en\/wp-json\/wp\/v2\/media\/?parent=7940"}],"wp:term":[{"taxonomy":"category","embeddable":true,"href":"https:\/\/encircular.es\/en\/wp-json\/wp\/v2\/categories\/?post=7940"},{"taxonomy":"post_tag","embeddable":true,"href":"https:\/\/encircular.es\/en\/wp-json\/wp\/v2\/tags\/?post=7940"}],"curies":[{"name":"wp","href":"https:\/\/api.w.org\/{rel}","templated":true}]}}