{"id":8298,"date":"2024-09-25T21:17:49","date_gmt":"2024-09-25T19:17:49","guid":{"rendered":"https:\/\/encircular.es\/el-miteco-abre-el-plazo-para-presentar-contribuciones-al-ii-plan-de-accion-de-economia-circular\/"},"modified":"2024-09-25T21:17:49","modified_gmt":"2024-09-25T19:17:49","slug":"el-miteco-abre-el-plazo-para-presentar-contribuciones-al-ii-plan-de-accion-de-economia-circular","status":"publish","type":"post","link":"https:\/\/encircular.es\/en\/el-miteco-abre-el-plazo-para-presentar-contribuciones-al-ii-plan-de-accion-de-economia-circular\/","title":{"rendered":"El MITECO abre el plazo para presentar contribuciones al II Plan de Acci\u00f3n de Econom\u00eda Circular"},"content":{"rendered":"<p>El Ministerio para la Transici\u00f3n Ecol\u00f3gica y el Reto Demogr\u00e1fico (MITECO), ha abierto el plazo de informaci\u00f3n p\u00fablica sobre el Segundo Plan de Acci\u00f3n de Econom\u00eda Circular, en el marco del desarrollo de la Estrategia Espa\u00f1ola de Econom\u00eda Circular 2030,<a href=\"https:\/\/www.miteco.gob.es\/content\/dam\/miteco\/es\/calidad-y-evaluacion-ambiental\/participacion-publica\/sgecocir\/ecocir\/IIPAEC%202024-2026_240924v2.pdf\" target=\"_blank\" rel=\"noopener noreferrer\"> cuyo borrador puede consultarse aqu\u00ed.<\/a> Para realizar esta contribuci\u00f3n es necesario identificar adecuadamente las propuestas, que se canalizar\u00e1n exclusivamente a trav\u00e9s del formulario que puede encontrarse en la p\u00e1gina web. El plazo para presentar alegaciones llega hasta el 8 de octubre de 2024.<\/p>\n<p>El Segundo Plan de Acci\u00f3n, que se somete a Informaci\u00f3n p\u00fablica, tiene un marco temporal de 2024 a 2026. Dicho plan contiene 95 medidas lideradas por distintos centros directivos de la Administraci\u00f3n General del Estado (AGE) y distribuidas en cinco ejes y tres l\u00edneas de actuaci\u00f3n: producci\u00f3n, consumo, gesti\u00f3n de residuos, materias primas secundarias y reutilizaci\u00f3n del agua; y, con car\u00e1cter transversal, sensibilizaci\u00f3n y participaci\u00f3n, investigaci\u00f3n, innovaci\u00f3n y competitividad, y empleo y formaci\u00f3n.<\/p>\n<p>Las medidas quieren dar respuesta a los principales planteamientos de la econom\u00eda circular, continuando y formalizando nuevas iniciativas impulsadas por la AGE para afianzar un modelo circular.<\/p>\n<p><strong>Proceso de participaci\u00f3n p\u00fablica<\/strong><\/p>\n<p>El proceso de participaci\u00f3n p\u00fablica de este Segundo Plan de Acci\u00f3n se inici\u00f3 con la valoraci\u00f3n de las propuestas formuladas por el Consejo Asesor de Econom\u00eda Circular, por parte de los diferentes ministerios competentes, y se complementa con este proceso de participaci\u00f3n p\u00fablica que facilita integrar la visi\u00f3n de toda la sociedad.<\/p>\n<p>El actual sistema econ\u00f3mico est\u00e1 basado en un modelo de crecimiento que se apoya en la producci\u00f3n y consumo de bienes y servicios bajo las pautas de \u201cextraer-producir-consumir-tirar\u201d. Este modelo \u201clineal\u201d conlleva un uso intensivo e ineficiente de recursos naturales y una generaci\u00f3n ingente de residuos, creando una elevada presi\u00f3n sobre el medio ambiente, que est\u00e1 detr\u00e1s de las manifestaciones m\u00e1s graves de la crisis ambiental que atravesamos, incluido el cambio clim\u00e1tico o la p\u00e9rdida de biodiversidad.<\/p>\n<p>Estas afecciones adquieren una dimensi\u00f3n adicional cuando nos referimos a recursos no renovables o escasos, y cuando se trata de insumos clave en la producci\u00f3n de determinados bienes y equipos. Adicionalmente, los impactos del modelo lineal se agravan por unos h\u00e1bitos de consumo cada vez m\u00e1s asociados a la \u201cmoda r\u00e1pida\u201d, con tasas de renovaci\u00f3n de los bienes que no agotan el ciclo de vida \u00fatil del producto, como ocurre, por ejemplo, con la ropa o los dispositivos electr\u00f3nicos. En este contexto, Espa\u00f1a no es una excepci\u00f3n.<\/p>\n<p>La econom\u00eda circular surge como respuesta a ese modelo lineal de producci\u00f3n y consumo que no tiene en cuenta los l\u00edmites ambientales. Para reducir los impactos sobre el medio ambiente y la salud de las personas y dotar a nuestra econom\u00eda de mayor eficiencia en el uso de recursos, aumentando la competitividad y la autonom\u00eda estrat\u00e9gica.<\/p>\n<p><strong>Nuevo modelo de producci\u00f3n<\/strong><\/p>\n<p>La respuesta espa\u00f1ola para impulsar una econom\u00eda circular en nuestro pa\u00eds se vertebra a trav\u00e9s de la Estrategia Espa\u00f1ola de Econom\u00eda Circular 2030 (EEEC), aprobada por Acuerdo del Consejo de Ministros el 2 de junio de 2020. Dicho documento sienta las bases para impulsar un nuevo modelo de producci\u00f3n y consumo en el que el valor de productos, materiales y recursos se mantengan en la econom\u00eda durante el mayor tiempo posible, en la que se reduzcan al m\u00ednimo la generaci\u00f3n de residuos y se aprovechen con el mayor alcance posible los que no se pueden evitar. La Estrategia contribuye as\u00ed a los esfuerzos de Espa\u00f1a por lograr una econom\u00eda sostenible ambientalmente, circular, descarbonizada, eficiente en el uso de los recursos y competitiva.<\/p>\n<p>La EEEC fija unos objetivos para 2030 y contempla su desarrollo y concreci\u00f3n a trav\u00e9s de sucesivos planes de acci\u00f3n trienales, llamados a recoger las medidas espec\u00edficas que prev\u00e9 poner en marcha la AGE para hacer posible alcanzar los objetivos planteados.<\/p>\n<p><strong><a href=\"https:\/\/www.miteco.gob.es\/es\/prensa\/ultimas-noticias\/2024\/septiembre\/el-miteco-abre-el-plazo-para-presentar-contribuciones-al-ii-plan.html\" target=\"_blank\" rel=\"noopener noreferrer\">Publicaci\u00f3n original del Ministerio para la Transici\u00f3n Ecol\u00f3gica y Reto Demogr\u00e1fico, aqu\u00ed.<\/a><\/strong><\/p>\n<p>&nbsp;<\/p>\n","protected":false},"excerpt":{"rendered":"<p>El Ministerio para la Transici\u00f3n Ecol\u00f3gica y el Reto Demogr\u00e1fico (MITECO), ha abierto el plazo de informaci\u00f3n p\u00fablica sobre el Segundo Plan de Acci\u00f3n de Econom\u00eda Circular, en el marco del desarrollo de la Estrategia Espa\u00f1ola de Econom\u00eda Circular 2030, cuyo borrador puede consultarse aqu\u00ed. Para realizar esta contribuci\u00f3n es necesario identificar adecuadamente las propuestas, [&hellip;]<\/p>\n","protected":false},"author":3,"featured_media":8273,"comment_status":"closed","ping_status":"closed","sticky":false,"template":"","format":"standard","meta":{"footnotes":""},"categories":[81,278,366],"tags":[],"class_list":["post-8298","post","type-post","status-publish","format-standard","has-post-thumbnail","hentry","category-ecosystem-blogcom-en","category-al-dia-en","category-blogcom-en"],"_links":{"self":[{"href":"https:\/\/encircular.es\/en\/wp-json\/wp\/v2\/posts\/8298\/"}],"collection":[{"href":"https:\/\/encircular.es\/en\/wp-json\/wp\/v2\/posts\/"}],"about":[{"href":"https:\/\/encircular.es\/en\/wp-json\/wp\/v2\/types\/post\/"}],"author":[{"embeddable":true,"href":"https:\/\/encircular.es\/en\/wp-json\/wp\/v2\/users\/3\/"}],"replies":[{"embeddable":true,"href":"https:\/\/encircular.es\/en\/wp-json\/wp\/v2\/comments\/?post=8298"}],"version-history":[{"count":0,"href":"https:\/\/encircular.es\/en\/wp-json\/wp\/v2\/posts\/8298\/revisions\/"}],"wp:featuredmedia":[{"embeddable":true,"href":"https:\/\/encircular.es\/en\/wp-json\/wp\/v2\/media\/8273\/"}],"wp:attachment":[{"href":"https:\/\/encircular.es\/en\/wp-json\/wp\/v2\/media\/?parent=8298"}],"wp:term":[{"taxonomy":"category","embeddable":true,"href":"https:\/\/encircular.es\/en\/wp-json\/wp\/v2\/categories\/?post=8298"},{"taxonomy":"post_tag","embeddable":true,"href":"https:\/\/encircular.es\/en\/wp-json\/wp\/v2\/tags\/?post=8298"}],"curies":[{"name":"wp","href":"https:\/\/api.w.org\/{rel}","templated":true}]}}